{"id":383,"date":"2018-09-17T14:24:52","date_gmt":"2018-09-17T12:24:52","guid":{"rendered":"https:\/\/komunalac.ba\/naslovna\/?p=383"},"modified":"2018-09-17T20:28:57","modified_gmt":"2018-09-17T18:28:57","slug":"obajvestenje-o-prekidu-u-vodosnabdijevanju","status":"publish","type":"post","link":"https:\/\/komunalac.ba\/naslovna\/obajvestenje-o-prekidu-u-vodosnabdijevanju\/","title":{"rendered":"Obajve\u0161tenje o prekidu u vodosnabdijevanju!"},"content":{"rendered":"<p>Obavje\u0161tavamo cijenjene korisnike o prekidu u vodnosnabdijevanju u utorak 18.09. od 07:00 do 10:00, od stare Bosne prema industrijskoj zoni. Razlog je spajanje nove vodovodne mre\u017ee na mre\u017eu Okanovi\u0107i.<\/p>\n","protected":false},"excerpt":{"rendered":"<p>Obavje\u0161tavamo cijenjene korisnike o prekidu u vodnosnabdijevanju u utorak 18.09. od 07:00 do 10:00, od stare Bosne prema industrijskoj zoni. Razlog je spajanje nove vodovodne mre\u017ee na mre\u017eu Okanovi\u0107i.<\/p>\n","protected":false},"author":1,"featured_media":363,"comment_status":"open","ping_status":"open","sticky":false,"template":"","format":"standard","meta":{"footnotes":""},"categories":[14],"tags":[],"class_list":["post-383","post","type-post","status-publish","format-standard","has-post-thumbnail","hentry","category-obavjestenja"],"_links":{"self":[{"href":"https:\/\/komunalac.ba\/naslovna\/wp-json\/wp\/v2\/posts\/383"}],"collection":[{"href":"https:\/\/komunalac.ba\/naslovna\/wp-json\/wp\/v2\/posts"}],"about":[{"href":"https:\/\/komunalac.ba\/naslovna\/wp-json\/wp\/v2\/types\/post"}],"author":[{"embeddable":true,"href":"https:\/\/komunalac.ba\/naslovna\/wp-json\/wp\/v2\/users\/1"}],"replies":[{"embeddable":true,"href":"https:\/\/komunalac.ba\/naslovna\/wp-json\/wp\/v2\/comments?post=383"}],"version-history":[{"count":2,"href":"https:\/\/komunalac.ba\/naslovna\/wp-json\/wp\/v2\/posts\/383\/revisions"}],"predecessor-version":[{"id":385,"href":"https:\/\/komunalac.ba\/naslovna\/wp-json\/wp\/v2\/posts\/383\/revisions\/385"}],"wp:featuredmedia":[{"embeddable":true,"href":"https:\/\/komunalac.ba\/naslovna\/wp-json\/wp\/v2\/media\/363"}],"wp:attachment":[{"href":"https:\/\/komunalac.ba\/naslovna\/wp-json\/wp\/v2\/media?parent=383"}],"wp:term":[{"taxonomy":"category","embeddable":true,"href":"https:\/\/komunalac.ba\/naslovna\/wp-json\/wp\/v2\/categories?post=383"},{"taxonomy":"post_tag","embeddable":true,"href":"https:\/\/komunalac.ba\/naslovna\/wp-json\/wp\/v2\/tags?post=383"}],"curies":[{"name":"wp","href":"https:\/\/api.w.org\/{rel}","templated":true}]}}