{"id":3018,"date":"2026-04-28T15:21:01","date_gmt":"2026-04-28T13:21:01","guid":{"rendered":"https:\/\/komunalac.ba\/naslovna\/?p=3018"},"modified":"2026-04-28T15:21:03","modified_gmt":"2026-04-28T13:21:03","slug":"izmijenjeni-raspored-odvoza-komunalnog-otpada-zbog-praznika","status":"publish","type":"post","link":"https:\/\/komunalac.ba\/naslovna\/izmijenjeni-raspored-odvoza-komunalnog-otpada-zbog-praznika\/","title":{"rendered":"Izmijenjeni raspored odvoza komunalnog otpada zbog praznika"},"content":{"rendered":"\n<p>Obavje\u0161tavamo korisnike da \u0107e zbog praznika i neradnog dana u petak 01.05. odvoz komunalnog otpada biti pomjeren na slede\u0107i na\u010din:<\/p>\n\n\n\n<p>-petak 01.05 na ponedjeljak 04.05.<\/p>\n\n\n\n<p>-ponedjeljak 04.05. na utorak 05.05.<\/p>\n\n\n\n<p>-utorak 05.05. na srijedu 06.05.<\/p>\n\n\n\n<p>&#8211; srijeda 06.07. na \u010detvrtak 07.05.<\/p>\n\n\n\n<p>-\u010detvrtak 07.05. na petak 08.05.<\/p>\n\n\n\n<p>-petak 08.05. na subotu 09.05.<\/p>\n","protected":false},"excerpt":{"rendered":"<p>Obavje\u0161tavamo korisnike da \u0107e zbog praznika i neradnog dana u petak 01.05. odvoz komunalnog otpada biti pomjeren na slede\u0107i na\u010din: -petak 01.05 na ponedjeljak 04.05. -ponedjeljak 04.05. na utorak 05.05. -utorak 05.05. na srijedu 06.05. &#8211; srijeda 06.07. na \u010detvrtak 07.05. -\u010detvrtak 07.05. na petak 08.05. -petak 08.05. na subotu 09.05.<\/p>\n","protected":false},"author":2,"featured_media":2421,"comment_status":"open","ping_status":"open","sticky":false,"template":"","format":"standard","meta":{"footnotes":""},"categories":[14],"tags":[],"class_list":["post-3018","post","type-post","status-publish","format-standard","has-post-thumbnail","hentry","category-obavjestenja"],"_links":{"self":[{"href":"https:\/\/komunalac.ba\/naslovna\/wp-json\/wp\/v2\/posts\/3018"}],"collection":[{"href":"https:\/\/komunalac.ba\/naslovna\/wp-json\/wp\/v2\/posts"}],"about":[{"href":"https:\/\/komunalac.ba\/naslovna\/wp-json\/wp\/v2\/types\/post"}],"author":[{"embeddable":true,"href":"https:\/\/komunalac.ba\/naslovna\/wp-json\/wp\/v2\/users\/2"}],"replies":[{"embeddable":true,"href":"https:\/\/komunalac.ba\/naslovna\/wp-json\/wp\/v2\/comments?post=3018"}],"version-history":[{"count":1,"href":"https:\/\/komunalac.ba\/naslovna\/wp-json\/wp\/v2\/posts\/3018\/revisions"}],"predecessor-version":[{"id":3019,"href":"https:\/\/komunalac.ba\/naslovna\/wp-json\/wp\/v2\/posts\/3018\/revisions\/3019"}],"wp:featuredmedia":[{"embeddable":true,"href":"https:\/\/komunalac.ba\/naslovna\/wp-json\/wp\/v2\/media\/2421"}],"wp:attachment":[{"href":"https:\/\/komunalac.ba\/naslovna\/wp-json\/wp\/v2\/media?parent=3018"}],"wp:term":[{"taxonomy":"category","embeddable":true,"href":"https:\/\/komunalac.ba\/naslovna\/wp-json\/wp\/v2\/categories?post=3018"},{"taxonomy":"post_tag","embeddable":true,"href":"https:\/\/komunalac.ba\/naslovna\/wp-json\/wp\/v2\/tags?post=3018"}],"curies":[{"name":"wp","href":"https:\/\/api.w.org\/{rel}","templated":true}]}}