{"id":3016,"date":"2026-04-28T15:10:51","date_gmt":"2026-04-28T13:10:51","guid":{"rendered":"https:\/\/komunalac.ba\/naslovna\/?p=3016"},"modified":"2026-04-28T15:10:52","modified_gmt":"2026-04-28T13:10:52","slug":"pomjeranje-termina-rada-pijace-na-malo-za-vrijeme-praznika","status":"publish","type":"post","link":"https:\/\/komunalac.ba\/naslovna\/pomjeranje-termina-rada-pijace-na-malo-za-vrijeme-praznika\/","title":{"rendered":"Pomjeranje termina rada pijace na malo za vrijeme praznika"},"content":{"rendered":"\n<p>Obavje\u0161tavamo sve gra\u0111ane da \u0107e se, zbog predstoje\u0107eg praznika Prvog maja, redovni pija\u010dni dan koji se ina\u010de odr\u017eava u petak 01.05. ove sedmice odr\u017eati u \u010detvrtak 30.04.<\/p>\n\n\n\n<p>Molimo sve zakupce, prodavce i posjetioce pijace da uva\u017ee ovu izmjenu termina.<\/p>\n\n\n\n<p>Ujedno, koristimo priliku da svim gra\u0111anima uputimo iskrene \u010destitke povodom Prvog maja, uz \u017eelju za dobro zdravlje, sre\u0107u i uspjeh.<\/p>\n\n\n\n<p>Va\u0161 JP Komunalac DD.<\/p>\n","protected":false},"excerpt":{"rendered":"<p>Obavje\u0161tavamo sve gra\u0111ane da \u0107e se, zbog predstoje\u0107eg praznika Prvog maja, redovni pija\u010dni dan koji se ina\u010de odr\u017eava u petak 01.05. ove sedmice odr\u017eati u \u010detvrtak 30.04. Molimo sve zakupce, prodavce i posjetioce pijace da uva\u017ee ovu izmjenu termina. Ujedno, koristimo priliku da svim gra\u0111anima uputimo iskrene \u010destitke povodom Prvog maja, uz \u017eelju za dobro [&hellip;]<\/p>\n","protected":false},"author":2,"featured_media":918,"comment_status":"open","ping_status":"open","sticky":false,"template":"","format":"standard","meta":{"footnotes":""},"categories":[14],"tags":[],"class_list":["post-3016","post","type-post","status-publish","format-standard","has-post-thumbnail","hentry","category-obavjestenja"],"_links":{"self":[{"href":"https:\/\/komunalac.ba\/naslovna\/wp-json\/wp\/v2\/posts\/3016"}],"collection":[{"href":"https:\/\/komunalac.ba\/naslovna\/wp-json\/wp\/v2\/posts"}],"about":[{"href":"https:\/\/komunalac.ba\/naslovna\/wp-json\/wp\/v2\/types\/post"}],"author":[{"embeddable":true,"href":"https:\/\/komunalac.ba\/naslovna\/wp-json\/wp\/v2\/users\/2"}],"replies":[{"embeddable":true,"href":"https:\/\/komunalac.ba\/naslovna\/wp-json\/wp\/v2\/comments?post=3016"}],"version-history":[{"count":1,"href":"https:\/\/komunalac.ba\/naslovna\/wp-json\/wp\/v2\/posts\/3016\/revisions"}],"predecessor-version":[{"id":3017,"href":"https:\/\/komunalac.ba\/naslovna\/wp-json\/wp\/v2\/posts\/3016\/revisions\/3017"}],"wp:featuredmedia":[{"embeddable":true,"href":"https:\/\/komunalac.ba\/naslovna\/wp-json\/wp\/v2\/media\/918"}],"wp:attachment":[{"href":"https:\/\/komunalac.ba\/naslovna\/wp-json\/wp\/v2\/media?parent=3016"}],"wp:term":[{"taxonomy":"category","embeddable":true,"href":"https:\/\/komunalac.ba\/naslovna\/wp-json\/wp\/v2\/categories?post=3016"},{"taxonomy":"post_tag","embeddable":true,"href":"https:\/\/komunalac.ba\/naslovna\/wp-json\/wp\/v2\/tags?post=3016"}],"curies":[{"name":"wp","href":"https:\/\/api.w.org\/{rel}","templated":true}]}}