{"id":2714,"date":"2025-06-05T13:30:23","date_gmt":"2025-06-05T11:30:23","guid":{"rendered":"https:\/\/komunalac.ba\/naslovna\/?p=2714"},"modified":"2025-06-05T15:04:14","modified_gmt":"2025-06-05T13:04:14","slug":"molba-da-se-ne-odlaze-samoinicijativno-otpad-na-deponiju-visnjik","status":"publish","type":"post","link":"https:\/\/komunalac.ba\/naslovna\/molba-da-se-ne-odlaze-samoinicijativno-otpad-na-deponiju-visnjik\/","title":{"rendered":"Molba da se ne odla\u017ee samoinicijativno otpad na deponiju Vi\u0161njik"},"content":{"rendered":"\n<p>JP Komunalac dd Grada\u010dac moli gra\u0111ane grada Grada\u010dac da ne ostavljaju samoinicijativno otpad pored deponije Vi\u0161njik.<\/p>\n\n\n\n<p>Napominjemo da je objekat od 03.06.2025. godine pod videonadzorom, te \u0107e gore svaka navedena radnja ubudu\u0107e prouzro\u010diti zakonske posljedice.<\/p>\n\n\n\n<p>Hvala na razumijevanju!<\/p>\n\n\n\n<figure class=\"wp-block-gallery has-nested-images columns-default is-cropped wp-block-gallery-1 is-layout-flex wp-block-gallery-is-layout-flex\">\n<figure class=\"wp-block-image size-large\"><img loading=\"lazy\" decoding=\"async\" width=\"1024\" height=\"768\" data-id=\"2717\" src=\"https:\/\/komunalac.ba\/naslovna\/wp-content\/uploads\/2025\/06\/1000015663-1024x768.jpg\" alt=\"\" class=\"wp-image-2717\" srcset=\"https:\/\/komunalac.ba\/naslovna\/wp-content\/uploads\/2025\/06\/1000015663-1024x768.jpg 1024w, https:\/\/komunalac.ba\/naslovna\/wp-content\/uploads\/2025\/06\/1000015663-300x225.jpg 300w, https:\/\/komunalac.ba\/naslovna\/wp-content\/uploads\/2025\/06\/1000015663-768x576.jpg 768w, https:\/\/komunalac.ba\/naslovna\/wp-content\/uploads\/2025\/06\/1000015663-1536x1152.jpg 1536w, https:\/\/komunalac.ba\/naslovna\/wp-content\/uploads\/2025\/06\/1000015663-2048x1536.jpg 2048w, https:\/\/komunalac.ba\/naslovna\/wp-content\/uploads\/2025\/06\/1000015663-80x60.jpg 80w, https:\/\/komunalac.ba\/naslovna\/wp-content\/uploads\/2025\/06\/1000015663-265x198.jpg 265w, https:\/\/komunalac.ba\/naslovna\/wp-content\/uploads\/2025\/06\/1000015663-696x522.jpg 696w, https:\/\/komunalac.ba\/naslovna\/wp-content\/uploads\/2025\/06\/1000015663-1068x801.jpg 1068w, https:\/\/komunalac.ba\/naslovna\/wp-content\/uploads\/2025\/06\/1000015663-560x420.jpg 560w\" sizes=\"(max-width: 1024px) 100vw, 1024px\" \/><\/figure>\n<\/figure>\n","protected":false},"excerpt":{"rendered":"<p>JP Komunalac dd Grada\u010dac moli gra\u0111ane grada Grada\u010dac da ne ostavljaju samoinicijativno otpad pored deponije Vi\u0161njik. Napominjemo da je objekat od 03.06.2025. godine pod videonadzorom, te \u0107e gore svaka navedena radnja ubudu\u0107e prouzro\u010diti zakonske posljedice. Hvala na razumijevanju!<\/p>\n","protected":false},"author":2,"featured_media":2715,"comment_status":"open","ping_status":"open","sticky":false,"template":"","format":"standard","meta":{"footnotes":""},"categories":[14],"tags":[],"class_list":["post-2714","post","type-post","status-publish","format-standard","has-post-thumbnail","hentry","category-obavjestenja"],"_links":{"self":[{"href":"https:\/\/komunalac.ba\/naslovna\/wp-json\/wp\/v2\/posts\/2714"}],"collection":[{"href":"https:\/\/komunalac.ba\/naslovna\/wp-json\/wp\/v2\/posts"}],"about":[{"href":"https:\/\/komunalac.ba\/naslovna\/wp-json\/wp\/v2\/types\/post"}],"author":[{"embeddable":true,"href":"https:\/\/komunalac.ba\/naslovna\/wp-json\/wp\/v2\/users\/2"}],"replies":[{"embeddable":true,"href":"https:\/\/komunalac.ba\/naslovna\/wp-json\/wp\/v2\/comments?post=2714"}],"version-history":[{"count":2,"href":"https:\/\/komunalac.ba\/naslovna\/wp-json\/wp\/v2\/posts\/2714\/revisions"}],"predecessor-version":[{"id":2719,"href":"https:\/\/komunalac.ba\/naslovna\/wp-json\/wp\/v2\/posts\/2714\/revisions\/2719"}],"wp:featuredmedia":[{"embeddable":true,"href":"https:\/\/komunalac.ba\/naslovna\/wp-json\/wp\/v2\/media\/2715"}],"wp:attachment":[{"href":"https:\/\/komunalac.ba\/naslovna\/wp-json\/wp\/v2\/media?parent=2714"}],"wp:term":[{"taxonomy":"category","embeddable":true,"href":"https:\/\/komunalac.ba\/naslovna\/wp-json\/wp\/v2\/categories?post=2714"},{"taxonomy":"post_tag","embeddable":true,"href":"https:\/\/komunalac.ba\/naslovna\/wp-json\/wp\/v2\/tags?post=2714"}],"curies":[{"name":"wp","href":"https:\/\/api.w.org\/{rel}","templated":true}]}}