{"id":2697,"date":"2025-06-02T08:03:21","date_gmt":"2025-06-02T06:03:21","guid":{"rendered":"https:\/\/komunalac.ba\/naslovna\/?p=2697"},"modified":"2025-06-02T08:06:48","modified_gmt":"2025-06-02T06:06:48","slug":"nastavak-saradnje-sa-lokalnim-vodovodima-potpisan-ugovor-o-tehnickoj-podrsci","status":"publish","type":"post","link":"https:\/\/komunalac.ba\/naslovna\/nastavak-saradnje-sa-lokalnim-vodovodima-potpisan-ugovor-o-tehnickoj-podrsci\/","title":{"rendered":"Nastavak saradnje sa lokalnim vodovodima: Potpisan ugovor o tehni\u010dkoj podr\u0161ci"},"content":{"rendered":"\n<p><\/p>\n\n\n\n<p>U okviru kontinuirane saradnje s lokalnim vodovodnim sistemima, dana 29.05.2024. godine odr\u017ean je radni sastanak izme\u0111u predstavnika JP \u201eKomunalac\u201c d.d. Grada\u010dac i predstavnika preduze\u0107a \u201eVodovod Vrelo\u201c d.o.o. Mionica Centar.<\/p>\n\n\n\n<p>Tema sastanka bila je ja\u010danje kapaciteta mjesnog vodovoda u Mionici, posebno u periodima pove\u0107ane potro\u0161nje, kada zbog <strong>nedovoljnog profila postoje\u0107eg potisnog cjevovoda<\/strong> dolazi do pote\u0161ko\u0107a u osiguravanju potrebnih koli\u010dina vode. Kao rezultat konstruktivnih razgovora i obostrane spremnosti na saradnju, potpisan je <strong>Ugovor o nadopuni sistema mjesnog vodovoda<\/strong>, kojim se JP \u201eKomunalac\u201c d.d. Grada\u010dac obavezuje da, u skladu sa svojim mogu\u0107nostima, obezbijedi isporuku dodatnih koli\u010dina vode radi stabilizacije snabdijevanja u navedenim situacijama.<\/p>\n\n\n\n<p>Va\u017eno je ista\u0107i da je preduslov za ovakav vid tehni\u010dke podr\u0161ke ostvaren ranije, realizacijom projekta izgradnje <strong>spojnog cjevovoda izme\u0111u rezervoara Vrelo i gradskog vodovodnog sistema<\/strong>, koji je finansirao i uspje\u0161no implementirao <strong>Grad Grada\u010dac<\/strong>. Ovim projektom omogu\u0107ena je fizi\u010dka povezanost lokalnog sistema sa centralnim distributivnim sistemom, \u010dime su stvoreni tehni\u010dki uslovi za obostranu podr\u0161ku i sigurnije vodosnabdijevanje stanovni\u0161tva Mionice. Vi\u0161e informacija o ovom projektu dostupno je na <a href=\"http:\/\/www.gradacac.ba\/naslovna\/index.php\/aktuelnosti\/novosti\/3105-zavrsen-projekat-povezivanja-rezervoara-vrelo-na-gradski-vodovodni-sistem\">zvani\u010dnoj stranici Grada Grada\u010dac<\/a>.<\/p>\n\n\n\n<p>Pored toga, JP \u201eKomunalac\u201c d.d. Grada\u010dac pru\u017ea <strong>punu tehni\u010dku podr\u0161ku lokalnim vodovodima<\/strong>, kako kroz operativnu pomo\u0107 u odr\u017eavanju i nadzoru sistema, tako i kroz savjetodavnu i stru\u010dnu asistenciju u planiranju budu\u0107ih ulaganja i unapre\u0111enju infrastrukture.<\/p>\n\n\n\n<p>Ova saradnja predstavlja va\u017ean korak ka izgradnji otpornijeg i efikasnijeg sistema vodosnabdijevanja na podru\u010dju grada Grada\u010dac, te potvr\u0111uje opredijeljenost JP \u201eKomunalac\u201c d.d. da aktivno doprinosi regionalnom razvoju i za\u0161titi interesa krajnjih korisnika.<\/p>\n\n\n\n<figure class=\"wp-block-image size-large\"><img loading=\"lazy\" decoding=\"async\" width=\"768\" height=\"1024\" src=\"https:\/\/komunalac.ba\/naslovna\/wp-content\/uploads\/2025\/06\/1000015450-768x1024.jpg\" alt=\"\" class=\"wp-image-2700\" srcset=\"https:\/\/komunalac.ba\/naslovna\/wp-content\/uploads\/2025\/06\/1000015450-768x1024.jpg 768w, https:\/\/komunalac.ba\/naslovna\/wp-content\/uploads\/2025\/06\/1000015450-225x300.jpg 225w, https:\/\/komunalac.ba\/naslovna\/wp-content\/uploads\/2025\/06\/1000015450-1152x1536.jpg 1152w, https:\/\/komunalac.ba\/naslovna\/wp-content\/uploads\/2025\/06\/1000015450-696x928.jpg 696w, https:\/\/komunalac.ba\/naslovna\/wp-content\/uploads\/2025\/06\/1000015450-1068x1424.jpg 1068w, https:\/\/komunalac.ba\/naslovna\/wp-content\/uploads\/2025\/06\/1000015450-315x420.jpg 315w, https:\/\/komunalac.ba\/naslovna\/wp-content\/uploads\/2025\/06\/1000015450.jpg 1350w\" sizes=\"(max-width: 768px) 100vw, 768px\" \/><\/figure>\n","protected":false},"excerpt":{"rendered":"<p>U okviru kontinuirane saradnje s lokalnim vodovodnim sistemima, dana 29.05.2024. godine odr\u017ean je radni sastanak izme\u0111u predstavnika JP \u201eKomunalac\u201c d.d. Grada\u010dac i predstavnika preduze\u0107a \u201eVodovod Vrelo\u201c d.o.o. Mionica Centar. Tema sastanka bila je ja\u010danje kapaciteta mjesnog vodovoda u Mionici, posebno u periodima pove\u0107ane potro\u0161nje, kada zbog nedovoljnog profila postoje\u0107eg potisnog cjevovoda dolazi do pote\u0161ko\u0107a u [&hellip;]<\/p>\n","protected":false},"author":2,"featured_media":2699,"comment_status":"open","ping_status":"open","sticky":false,"template":"","format":"standard","meta":{"footnotes":""},"categories":[14],"tags":[],"class_list":["post-2697","post","type-post","status-publish","format-standard","has-post-thumbnail","hentry","category-obavjestenja"],"_links":{"self":[{"href":"https:\/\/komunalac.ba\/naslovna\/wp-json\/wp\/v2\/posts\/2697"}],"collection":[{"href":"https:\/\/komunalac.ba\/naslovna\/wp-json\/wp\/v2\/posts"}],"about":[{"href":"https:\/\/komunalac.ba\/naslovna\/wp-json\/wp\/v2\/types\/post"}],"author":[{"embeddable":true,"href":"https:\/\/komunalac.ba\/naslovna\/wp-json\/wp\/v2\/users\/2"}],"replies":[{"embeddable":true,"href":"https:\/\/komunalac.ba\/naslovna\/wp-json\/wp\/v2\/comments?post=2697"}],"version-history":[{"count":3,"href":"https:\/\/komunalac.ba\/naslovna\/wp-json\/wp\/v2\/posts\/2697\/revisions"}],"predecessor-version":[{"id":2702,"href":"https:\/\/komunalac.ba\/naslovna\/wp-json\/wp\/v2\/posts\/2697\/revisions\/2702"}],"wp:featuredmedia":[{"embeddable":true,"href":"https:\/\/komunalac.ba\/naslovna\/wp-json\/wp\/v2\/media\/2699"}],"wp:attachment":[{"href":"https:\/\/komunalac.ba\/naslovna\/wp-json\/wp\/v2\/media?parent=2697"}],"wp:term":[{"taxonomy":"category","embeddable":true,"href":"https:\/\/komunalac.ba\/naslovna\/wp-json\/wp\/v2\/categories?post=2697"},{"taxonomy":"post_tag","embeddable":true,"href":"https:\/\/komunalac.ba\/naslovna\/wp-json\/wp\/v2\/tags?post=2697"}],"curies":[{"name":"wp","href":"https:\/\/api.w.org\/{rel}","templated":true}]}}