{"id":2673,"date":"2025-05-12T11:27:14","date_gmt":"2025-05-12T09:27:14","guid":{"rendered":"https:\/\/komunalac.ba\/naslovna\/?p=2673"},"modified":"2025-05-12T11:27:16","modified_gmt":"2025-05-12T09:27:16","slug":"obavijest-gradjanima-promjene-u-terminu-odvoza-otpada-u-uzoj-gradskoj-zoni-gradacca","status":"publish","type":"post","link":"https:\/\/komunalac.ba\/naslovna\/obavijest-gradjanima-promjene-u-terminu-odvoza-otpada-u-uzoj-gradskoj-zoni-gradacca\/","title":{"rendered":"OBAVIJEST GRA\u0110ANIMA: Promjene u terminu odvoza otpada u u\u017eoj gradskoj zoni Grada\u010dca"},"content":{"rendered":"\n<p>JP Komunalac d.d. Grada\u010dac i Gradska uprava Grada Grada\u010dac donijeli su zajedni\u010dku odluku o izmjeni termina odvoza otpada u u\u017eoj gradskoj zoni, a sve s ciljem smanjenja saobra\u0107ajnih gu\u017evi i pove\u0107anja sigurnosti u saobra\u0107aju.<\/p>\n\n\n\n<p>Zbog izra\u017eene prenatrpanosti vozilima i u\u010destalih gu\u017evi u centralnim dijelovima grada, odlu\u010deno je da se\u00a0odvoz otpada u periodu od 07:00 do 17:00 sati vi\u0161e ne\u0107e vr\u0161iti\u00a0na dionci od starog vatrogasnog doma do velikog kru\u017enog toka kod Komunalca, kako bi se izbjeglo dodatno optere\u0107enje saobra\u0107aja.<\/p>\n\n\n\n<p>Shodno tome, obavje\u0161tavamo sve korisnike komunalnih usluga da \u0107e se\u00a0odvoz otpada na navedenoj dionici vr\u0161iti u jutarnjem terminu \u2013 od 05:30 do 07:00 sati.<\/p>\n\n\n\n<p>Molimo gra\u0111ane da u skladu s ovom odlukom iznose svoj otpad na vrijeme, kako bi se omogu\u0107ilo nesmetano i pravovremeno prikupljanje i odvoz.<\/p>\n\n\n\n<p>Zahvaljujemo se na razumijevanju i saradnji.<\/p>\n\n\n\n<p><strong>JP Komunalac d.d. Grada\u010dac<\/strong><br><strong>Gradska uprava Grada Grada\u010dac<\/strong><\/p>\n\n\n\n<p><\/p>\n","protected":false},"excerpt":{"rendered":"<p>JP Komunalac d.d. Grada\u010dac i Gradska uprava Grada Grada\u010dac donijeli su zajedni\u010dku odluku o izmjeni termina odvoza otpada u u\u017eoj gradskoj zoni, a sve s ciljem smanjenja saobra\u0107ajnih gu\u017evi i pove\u0107anja sigurnosti u saobra\u0107aju. Zbog izra\u017eene prenatrpanosti vozilima i u\u010destalih gu\u017evi u centralnim dijelovima grada, odlu\u010deno je da se\u00a0odvoz otpada u periodu od 07:00 do [&hellip;]<\/p>\n","protected":false},"author":2,"featured_media":2422,"comment_status":"open","ping_status":"open","sticky":false,"template":"","format":"standard","meta":{"footnotes":""},"categories":[1],"tags":[],"class_list":["post-2673","post","type-post","status-publish","format-standard","has-post-thumbnail","hentry","category-nekategorizirano"],"_links":{"self":[{"href":"https:\/\/komunalac.ba\/naslovna\/wp-json\/wp\/v2\/posts\/2673"}],"collection":[{"href":"https:\/\/komunalac.ba\/naslovna\/wp-json\/wp\/v2\/posts"}],"about":[{"href":"https:\/\/komunalac.ba\/naslovna\/wp-json\/wp\/v2\/types\/post"}],"author":[{"embeddable":true,"href":"https:\/\/komunalac.ba\/naslovna\/wp-json\/wp\/v2\/users\/2"}],"replies":[{"embeddable":true,"href":"https:\/\/komunalac.ba\/naslovna\/wp-json\/wp\/v2\/comments?post=2673"}],"version-history":[{"count":1,"href":"https:\/\/komunalac.ba\/naslovna\/wp-json\/wp\/v2\/posts\/2673\/revisions"}],"predecessor-version":[{"id":2674,"href":"https:\/\/komunalac.ba\/naslovna\/wp-json\/wp\/v2\/posts\/2673\/revisions\/2674"}],"wp:featuredmedia":[{"embeddable":true,"href":"https:\/\/komunalac.ba\/naslovna\/wp-json\/wp\/v2\/media\/2422"}],"wp:attachment":[{"href":"https:\/\/komunalac.ba\/naslovna\/wp-json\/wp\/v2\/media?parent=2673"}],"wp:term":[{"taxonomy":"category","embeddable":true,"href":"https:\/\/komunalac.ba\/naslovna\/wp-json\/wp\/v2\/categories?post=2673"},{"taxonomy":"post_tag","embeddable":true,"href":"https:\/\/komunalac.ba\/naslovna\/wp-json\/wp\/v2\/tags?post=2673"}],"curies":[{"name":"wp","href":"https:\/\/api.w.org\/{rel}","templated":true}]}}