{"id":2587,"date":"2025-03-30T09:19:36","date_gmt":"2025-03-30T07:19:36","guid":{"rendered":"https:\/\/komunalac.ba\/naslovna\/?p=2587"},"modified":"2025-03-30T09:19:37","modified_gmt":"2025-03-30T07:19:37","slug":"obavjestenje-o-ispravnosti-vode-2","status":"publish","type":"post","link":"https:\/\/komunalac.ba\/naslovna\/obavjestenje-o-ispravnosti-vode-2\/","title":{"rendered":"OBAVJE\u0160TENJE O ISPRAVNOSTI VODE"},"content":{"rendered":"\n<p>Po\u0161tovani korisnici, podsje\u0107amo vas da je i dalje na snazi upozorenje vezano za pojavu zamu\u0107enja vode. <\/p>\n\n\n\n<p>Usljed poplava i vanredne situacije, primije\u0107ena je pojava blagog zamu\u0107enja vode iz izvori\u0161ta Doma\u017ei\u0107. Uzroci vode su odne\u0161eni na analizu te analizu vode jo\u0161 uvjek o\u010dekujemo.<\/p>\n\n\n\n<p>Potrebno je da vodu prokuhate prije upotrebe. <\/p>\n\n\n\n<p>Hvala na razumijevanju.<\/p>\n\n\n\n<p><\/p>\n","protected":false},"excerpt":{"rendered":"<p>Po\u0161tovani korisnici, podsje\u0107amo vas da je i dalje na snazi upozorenje vezano za pojavu zamu\u0107enja vode. Usljed poplava i vanredne situacije, primije\u0107ena je pojava blagog zamu\u0107enja vode iz izvori\u0161ta Doma\u017ei\u0107. Uzroci vode su odne\u0161eni na analizu te analizu vode jo\u0161 uvjek o\u010dekujemo. Potrebno je da vodu prokuhate prije upotrebe. Hvala na razumijevanju.<\/p>\n","protected":false},"author":2,"featured_media":1639,"comment_status":"open","ping_status":"open","sticky":false,"template":"","format":"standard","meta":{"footnotes":""},"categories":[14],"tags":[],"class_list":["post-2587","post","type-post","status-publish","format-standard","has-post-thumbnail","hentry","category-obavjestenja"],"_links":{"self":[{"href":"https:\/\/komunalac.ba\/naslovna\/wp-json\/wp\/v2\/posts\/2587"}],"collection":[{"href":"https:\/\/komunalac.ba\/naslovna\/wp-json\/wp\/v2\/posts"}],"about":[{"href":"https:\/\/komunalac.ba\/naslovna\/wp-json\/wp\/v2\/types\/post"}],"author":[{"embeddable":true,"href":"https:\/\/komunalac.ba\/naslovna\/wp-json\/wp\/v2\/users\/2"}],"replies":[{"embeddable":true,"href":"https:\/\/komunalac.ba\/naslovna\/wp-json\/wp\/v2\/comments?post=2587"}],"version-history":[{"count":1,"href":"https:\/\/komunalac.ba\/naslovna\/wp-json\/wp\/v2\/posts\/2587\/revisions"}],"predecessor-version":[{"id":2588,"href":"https:\/\/komunalac.ba\/naslovna\/wp-json\/wp\/v2\/posts\/2587\/revisions\/2588"}],"wp:featuredmedia":[{"embeddable":true,"href":"https:\/\/komunalac.ba\/naslovna\/wp-json\/wp\/v2\/media\/1639"}],"wp:attachment":[{"href":"https:\/\/komunalac.ba\/naslovna\/wp-json\/wp\/v2\/media?parent=2587"}],"wp:term":[{"taxonomy":"category","embeddable":true,"href":"https:\/\/komunalac.ba\/naslovna\/wp-json\/wp\/v2\/categories?post=2587"},{"taxonomy":"post_tag","embeddable":true,"href":"https:\/\/komunalac.ba\/naslovna\/wp-json\/wp\/v2\/tags?post=2587"}],"curies":[{"name":"wp","href":"https:\/\/api.w.org\/{rel}","templated":true}]}}