{"id":2499,"date":"2024-11-02T15:03:44","date_gmt":"2024-11-02T14:03:44","guid":{"rendered":"https:\/\/komunalac.ba\/naslovna\/?p=2499"},"modified":"2024-11-02T15:09:38","modified_gmt":"2024-11-02T14:09:38","slug":"oglas-za-zasnivanje-radnog-odnosa-2","status":"publish","type":"post","link":"https:\/\/komunalac.ba\/naslovna\/oglas-za-zasnivanje-radnog-odnosa-2\/","title":{"rendered":"OGLAS ZA ZASNIVANJE RADNOG ODNOSA"},"content":{"rendered":"\n<p><strong>JAVNO PREDUZE\u0106E<\/strong><\/p>\n\n\n\n<p><strong>\u201eKOMUNALAC\u201cd.d.<\/strong><\/p>\n\n\n\n<p><strong>GRADA\u010cAC<\/strong><\/p>\n\n\n\n<p><strong>Broj:02- 1365\/24<\/strong><\/p>\n\n\n\n<p><strong>Datum, 29.10.2024.godine<\/strong><\/p>\n\n\n\n<p>Na osnovu \u010dl. 6.,7. i 8. Pravilnika o radu JP \u201eKomunalac\u201c d.d. Grada\u010dac, broj: 01\/1-24-2\/18-NO od 22.02.2018.godine, Uredbe o postupku prijema u radni odnos u javnom sektoru u Tuzlanskom kantonu (\u201eSlu\u017ebene novine Tuzlanskog kantona\u201c, broj: 04\/19, 4\/20, 11\/20 i 5\/21) i Odluke o potrebi prijema u radni odnos novih radnika, br.02-1364\/24 od 29.10.2024. godine, u skladu sa&nbsp; \u010dlanom 78. ta\u010dke 17. Statuta JP \u201eKomunalac\u201c d.d. Grada\u010dac, direktor Preduze\u0107a&nbsp; o b j a v lj u j e:<\/p>\n\n\n\n<p class=\"has-text-align-center\"><strong>JAVNI OGLAS<\/strong><\/p>\n\n\n\n<p class=\"has-text-align-center\"><strong>za zasnivanje radnog odnosa<\/strong><\/p>\n\n\n\n<p><strong><u>I&nbsp; Naziv pozicije radnog mjesta, op\u0107i i posebni uslovi<\/u><\/strong><\/p>\n\n\n\n<ol class=\"wp-block-list\">\n<li><strong> NK radnik kurir \u2013 \u010dista\u010d &#8212; 1 izvr\u0161ilac, na neodre\u0111eno vrijeme sa punim radnim vremenom uz \u00a0\u00a0<\/strong><\/li>\n<\/ol>\n\n\n\n<p><strong>&nbsp;&nbsp;&nbsp; probni rad od 6 mjeseci.<\/strong><\/p>\n\n\n\n<ul class=\"wp-block-list\">\n<li><strong> NK radnik na odvozu sme\u0107a &#8212; 1 izvr\u0161ilac na neodre\u0111eno vrijeme sa punim radnim\u00a0<\/strong><\/li>\n<\/ul>\n\n\n\n<p><strong>&nbsp;&nbsp;&nbsp; vremenom uz probni rad od 6 mjeseci.<\/strong><\/p>\n\n\n\n<ul class=\"wp-block-list\">\n<li><strong> NK radnik na odr\u017eavanju javnih povr\u0161ina \u2013 1 izvr\u0161ilac, na neodre\u0111eno vrijeme sa punim<\/strong><\/li>\n<\/ul>\n\n\n\n<p><strong>&nbsp;&nbsp;&nbsp; radnim vremenom uz probni rad od 6 mjeseci.<\/strong><\/p>\n\n\n\n<ul class=\"wp-block-list\">\n<li><strong> NK radnik na odr\u017eavanju \u010disto\u0107e grada \u2013 1 izvr\u0161ilac na neodre\u0111eno vrijeme uz probni rad<\/strong><\/li>\n<\/ul>\n\n\n\n<p><strong>&nbsp;&nbsp;&nbsp; od 6. mjeseci.<\/strong><\/p>\n\n\n\n<p>Kandidati treba ispunjavati sljede\u0107e <strong>op\u0161te uslove<\/strong>:<\/p>\n\n\n\n<ol class=\"wp-block-list\">\n<li>&#8211; da je dr\u017eavljanin BiH,<\/li>\n\n\n\n<li>&#8211; da je zdravstveno sposoban za obavljanje poslova za koje se prijavljuje,<\/li>\n\n\n\n<li>&#8211; da nije ka\u017enjavan,<\/li>\n\n\n\n<li>&#8211; da se protiv kandidata ne vodi krivi\u010dni postupak,<\/li>\n<\/ol>\n\n\n\n<p>Kandidait treba ispunjavati sljede\u0107e<strong> posebne uslove<\/strong>:<\/p>\n\n\n\n<p><strong>1. NK radnik kurir &#8211;&nbsp;&nbsp; \u010dista\u010d<\/strong><\/p>\n\n\n\n<p>&nbsp;&nbsp;&nbsp; &#8211; Uvjerenje o zavr\u0161enom osnovnom obrazovanju.<\/p>\n\n\n\n<p><strong><u>1.1. Kratak opis poslova i radnih zadataka<\/u><\/strong><\/p>\n\n\n\n<ul class=\"wp-block-list\">\n<li>vr\u0161i \u010di\u0161\u0107enje i odr\u017eavanje svih radnih i pomo\u0107nih prostorija preduze\u0107a ( upravne zgrade\/ objekte \u00a0na ostalim lokacijama;<\/li>\n\n\n\n<li>vr\u0161i otpremu i dostavu po\u0161te, priprema kafe i druge napitke;<\/li>\n\n\n\n<li>obavlja \u00a0i druge poslove koji po svojoj prirodi spadaju u poslove radnog mjesta, odnosno poslove u okviru djelatnosti preduze\u0107a;<\/li>\n\n\n\n<li>vr\u0161i i druge poslove po nalogu nadre\u0111enog ili direktora preduze\u0107a.<\/li>\n<\/ul>\n\n\n\n<p><strong>2. <u>NK radnik na odvozu sme\u0107a<\/u><\/strong><\/p>\n\n\n\n<ul class=\"wp-block-list\">\n<li>Uvjerenje o zavr\u0161enom osnovnom obrazovanju<\/li>\n<\/ul>\n\n\n\n<p><strong><u>2.1. Kratak opis poslova i radnih zadataka<\/u><\/strong><\/p>\n\n\n\n<p><strong>&nbsp;&nbsp;&nbsp;&nbsp;&nbsp;&nbsp; <\/strong>&#8211; vr\u0161i prikupljanje i odvoz komunalnog otpada\/\u0161ljake i ostalih materijala,prikuplja rasuto sme\u0107e<\/p>\n\n\n\n<p>&nbsp;&nbsp;&nbsp;&nbsp;&nbsp;&nbsp;&nbsp;&nbsp;&nbsp; oko kontejnera, izne\u0161ene kante je obavezan vratiti na odre\u0111eno mjesto,<\/p>\n\n\n\n<p>&nbsp;&nbsp;&nbsp;&nbsp;&nbsp;&nbsp; &#8211; vr\u0161i pranje vozila zajedno sa voza\u010dem, po potrebi mijenja ostale radnike u slu\u017ebi Komunalija.<\/p>\n\n\n\n<p><strong>3. <u>NK radnik na odr\u017eavanju javnih povr\u0161ina<\/u><\/strong><\/p>\n\n\n\n<p><strong>&nbsp;&nbsp;&nbsp; <\/strong>Uvjerenje o zavr\u0161enom osnovnom obrazovanju<\/p>\n\n\n\n<p><strong>3.1. <u>Kratak opis poslova i radnih zadataka<\/u><\/strong><\/p>\n\n\n\n<p><strong>&nbsp;&nbsp;&nbsp;&nbsp;&nbsp; <\/strong>&#8211; vr\u0161i \u010di\u0161\u0107enje metenje, pranje saobra\u0107ajnih i drugih povr\u0161ina, okopavanje oko sadnica i drvoreda;<\/p>\n\n\n\n<p>&nbsp;&nbsp;&nbsp;&nbsp;&nbsp; &#8211; kosi travu i prikuplja istu, odr\u017eava spomenike, \u010disti korito rijeke, utovara i istovara \u0161ljaku;<\/p>\n\n\n\n<p>&nbsp;&nbsp;&nbsp;&nbsp;&nbsp; &#8211; vr\u0161i postavljanje transparenata, prikuplja i odvozi komunalni otpad i rasuto sme\u0107e.<\/p>\n\n\n\n<p><strong>4. <u>NK radnik na odr\u017eavanju \u010disto\u0107e grada<\/u><\/strong><\/p>\n\n\n\n<p>Uvjerenje o zavr\u0161enom osnovnom obrazovanju<\/p>\n\n\n\n<p><strong>4.1.<\/strong> <strong><u>Kratak opis poslova i radnih zadataka<\/u><\/strong><\/p>\n\n\n\n<p>&nbsp;&nbsp;&nbsp;&nbsp;&nbsp; &#8211; vr\u0161i \u010di\u0161\u0107enje metenje saobra\u0107ajnih i drugih povr\u0161ina, \u010di\u0161\u0107enje uli\u010dnih slivnika;<\/p>\n\n\n\n<p>&nbsp;&nbsp;&nbsp;&nbsp;&nbsp; &#8211;&nbsp; vr\u0161i okopavanje raznih zasada, drvoreda, sadi sezonsko cvije\u0107e, ure\u0111uje staze, spomenik;<\/p>\n\n\n\n<p>&nbsp;&nbsp;&nbsp;&nbsp;&nbsp; &#8211; po potrebi mijenja ostale radnike.<\/p>\n\n\n\n<p><strong>II. <\/strong>Uz prijavni obrazac uredno popunjen, kandidati su obavezni prilo\u017eiti original ili ovjerenu kopiju &nbsp;sljede\u0107ih dokumenata:<\/p>\n\n\n\n<ul class=\"wp-block-list\">\n<li>izvod iz mati\u010dne knjige ro\u0111enih,<\/li>\n\n\n\n<li>uvjerenje o dr\u017eavljanstvu,<\/li>\n\n\n\n<li>CIPS-ovu potvrdu prebivali\u0161ta,<\/li>\n\n\n\n<li>diplomu\/svjedo\u010danstvo o zavr\u0161enom stepenu stru\u010dne spreme,<\/li>\n\n\n\n<li>potvrda\/uvjerenje\/o radnom iskustvu u struci nakon zavr\u0161ene \u0161kole sa opisom poslova koje je obavljao kod poslodavca.<\/li>\n<\/ul>\n\n\n\n<p>Kandidati koji ostvaruju pravo po osnovu Zakona o dopunskim pravima branitelja i \u010dlanova njihovih porodica- pre\u010di\u0161\u0107eni tekst (\u201cSlu\u017ebene novine TK\u201d br: 10\/20) i Pravilnika o jedinstvenim kriterijima i pravilima za zapo\u0161ljavanje branitelja i \u010dlanova njihovih porodica u institucijama Tuzlanskog kantona(\u201cSlu\u017ebene novine TK\u201d br: 9\/14 i 6\/15), da bi bili bodovani i po tom osnovu, du\u017eni su dostaviti i dokaze o ispunjavanju uslova iz navedenog Zakona i Pravilnika, kao i Uvjerenje JU Slu\u017ebe za zapo\u0161ljavanje TK kojim dokazuje da se nalazi na evidenciji nezaposlenih osoba ili du\u017eini \u010dekanja na posao u struci.<\/p>\n\n\n\n<p>Tra\u017eena dokumentacija koja se prila\u017ee uz prijavu mora biti dostavljena u originalu ili ovjerenoj kopiji.<\/p>\n\n\n\n<p>JP \u201eKomunalac\u201c d.d. Grada\u010dac nije u obavezi vra\u0107anja dokumentacije koja se prila\u017ee uz prijavu.<\/p>\n\n\n\n<p>Javni oglas \u0107e biti objavljen u dnevnom listu \u201eOsobo\u0111enje\u201c i ostaje otvoren 8 dana od dana objavljivanja u istom.<\/p>\n\n\n\n<p>Kandidati pod rednim brojem <strong>1-4. <\/strong>\u010dije prijave budu uredne, blagovremene i potpune \u0107e biti pozvani na <strong>usmeni ispit.<\/strong><\/p>\n\n\n\n<p>Nepotpune i neblagovremene prijave ne\u0107e se uzeti u razmatranje.<\/p>\n\n\n\n<p>Kandidat koji bude izabran po javnom oglasu, du\u017ean je u roku od 7 (sedam) dana od dana izbora prilo\u017eiti ljekarsko uvjerenje kao dokaz da njegovo zdravstveno stanje i psihofizi\u010dke sposobnosti odgovaraju uslovima radnog mjesta za koji je raspisan javni oglas, uvjerenje o neka\u017enjavanju i uvjerenje da se protiv kandidata ne vodi krivi\u010dni postupak.<\/p>\n\n\n\n<p><strong>PRIJAVNI OBRAZAC koji je sastavni dio Uredbe, uredno popunjen sa potrebnim dokumentima u zatvorenoj koverti dostaviti li\u010dno, putem protokola ili putem po\u0161te preporu\u010denom po\u0161iljkom na adresu:<\/strong><\/p>\n\n\n\n<p><strong>Javno preduze\u0107e \u201eKomunalac\u201c d.d. Grada\u010dac ul H.K.Grada\u0161\u010devi\u0107a 62, sa<\/strong><\/p>\n\n\n\n<p><strong>NAZNAKOM \u201ePRIJAVA NA JAVNI OGLAS ZA ZASNIVANJE RADNOG ODNOSA\u201c<\/strong><\/p>\n\n\n\n<p><strong>Napomena: PRIJAVNI OBRAZAC mo\u017ee se skinuti sa web stranice\u00a0 poslodavca \u00a0<\/strong>:<\/p>\n\n\n\n<p><a href=\"https:\/\/komunalac.ba\/naslovna\/wp-content\/uploads\/2019\/09\/Prijavni-obrazac-na-konkurs-za-zaposlenje.pdf\">-Prijavni obrazac koji je sastavni dio uredbe o postupku prijema u radni odnos u javnom sektoru u Tuzlanskom kantonu<\/a><\/p>\n\n\n\n<p>Postupak izbora kandidata provodi Komisija za izbor kandidata za prijem u radni odnos.<\/p>\n\n\n\n<p>Odluku o prijemu u radni odnos sa liste uspje\u0161nih kandidata donosi direktor.<\/p>\n\n\n\n<p>JP \u201eKomunalac\u201c d.d. Grada\u010dac \u0107e najkasnije u roku od pet dana od dana dono\u0161enja odluke o izboru kandidata, u pisanom obliku obavijestiti sve prijavljene kandidate, a koji nisu izabrani na radno mjesto na koje je provedena procedura prijema u radni odnos.<\/p>\n\n\n\n<p>U\u010desnik oglasa nezadovoljan Odlukom o izboru kandidata ima pravo u roku 8 dana od dana prijema obavijesti, izjaviti prigovor Nadzornom odboru preduze\u0107a.<\/p>\n\n\n\n<p><a href=\"https:\/\/komunalac.ba\/naslovna\/wp-content\/uploads\/2024\/11\/Javni-oglas-za-zasn.-radn.-odnosa-DV-okt-2024-7.pdf\">PDF Ovdje<\/a><\/p>\n\n\n\n<p>Odluka Nadzornog odbora je kona\u010dna. &nbsp;&nbsp;&nbsp;<\/p>\n\n\n\n<p>&nbsp;&nbsp;&nbsp;&nbsp;&nbsp;&nbsp;&nbsp;&nbsp;&nbsp;&nbsp;&nbsp;&nbsp;&nbsp;&nbsp;&nbsp;&nbsp;&nbsp;&nbsp;&nbsp;&nbsp;&nbsp;&nbsp;&nbsp;&nbsp;&nbsp;&nbsp;&nbsp;&nbsp;&nbsp;&nbsp;&nbsp;&nbsp;&nbsp;&nbsp;&nbsp;&nbsp;&nbsp;&nbsp;&nbsp;&nbsp;&nbsp;&nbsp;&nbsp;&nbsp;&nbsp;&nbsp;&nbsp;&nbsp;&nbsp;&nbsp;&nbsp;&nbsp;&nbsp;&nbsp;&nbsp;&nbsp;&nbsp;&nbsp;&nbsp;&nbsp;&nbsp;&nbsp;&nbsp;&nbsp;&nbsp;&nbsp;&nbsp;&nbsp;&nbsp;&nbsp;&nbsp;&nbsp;&nbsp;&nbsp;&nbsp;&nbsp;&nbsp;&nbsp;&nbsp;&nbsp;&nbsp;&nbsp;&nbsp;&nbsp;&nbsp;&nbsp;&nbsp;&nbsp;&nbsp;&nbsp;&nbsp;&nbsp;&nbsp;&nbsp;&nbsp;&nbsp;&nbsp;&nbsp;&nbsp;&nbsp; &nbsp;&nbsp;&nbsp;&nbsp;&nbsp;&nbsp;&nbsp;&nbsp;&nbsp;&nbsp;&nbsp;&nbsp;&nbsp;&nbsp;&nbsp;&nbsp;&nbsp;&nbsp;&nbsp;&nbsp;&nbsp;&nbsp;&nbsp;&nbsp;&nbsp;Direktor<\/p>\n\n\n\n<p>&nbsp;&nbsp;&nbsp;&nbsp;&nbsp;&nbsp;&nbsp;&nbsp;&nbsp;&nbsp;&nbsp;&nbsp;&nbsp;&nbsp;&nbsp;&nbsp;&nbsp;&nbsp;&nbsp;&nbsp;&nbsp;&nbsp;&nbsp;&nbsp;&nbsp;&nbsp;&nbsp;&nbsp;&nbsp;&nbsp;&nbsp;&nbsp;&nbsp;&nbsp;&nbsp;&nbsp;&nbsp;&nbsp;&nbsp;&nbsp;&nbsp;&nbsp;&nbsp;&nbsp;&nbsp;&nbsp;&nbsp;&nbsp;&nbsp;&nbsp;&nbsp;&nbsp;&nbsp;&nbsp;&nbsp;&nbsp;&nbsp;&nbsp;&nbsp;&nbsp;&nbsp;&nbsp;&nbsp;&nbsp;&nbsp;&nbsp;&nbsp;&nbsp;&nbsp;&nbsp;&nbsp;&nbsp;&nbsp;&nbsp;&nbsp;&nbsp;&nbsp;&nbsp;&nbsp;&nbsp;&nbsp;&nbsp;&nbsp;&nbsp;&nbsp;&nbsp;&nbsp;&nbsp;&nbsp;&nbsp;&nbsp;&nbsp;&nbsp;&nbsp;&nbsp;&nbsp;&nbsp; &nbsp;&nbsp;&nbsp;&nbsp;&nbsp;&nbsp;&nbsp;&nbsp;&nbsp;&nbsp;&nbsp;&nbsp;&nbsp;&nbsp;&nbsp;&nbsp;&nbsp;&nbsp;&nbsp;&nbsp;&nbsp;&nbsp;&nbsp;&nbsp;_______________<\/p>\n\n\n\n<p>&nbsp;&nbsp;&nbsp;&nbsp;&nbsp;&nbsp;&nbsp;&nbsp;&nbsp;&nbsp;&nbsp;&nbsp;&nbsp;&nbsp;&nbsp;&nbsp;&nbsp;&nbsp;&nbsp;&nbsp;&nbsp;&nbsp;&nbsp;&nbsp;&nbsp;&nbsp;&nbsp;&nbsp;&nbsp;&nbsp;&nbsp;&nbsp;&nbsp;&nbsp;&nbsp;&nbsp;&nbsp;&nbsp;&nbsp;&nbsp;&nbsp;&nbsp;&nbsp;&nbsp;&nbsp;&nbsp;&nbsp;&nbsp;&nbsp;&nbsp;&nbsp;&nbsp;&nbsp;&nbsp;&nbsp;&nbsp;&nbsp;&nbsp;&nbsp;&nbsp;&nbsp;&nbsp;&nbsp;&nbsp;&nbsp;&nbsp;&nbsp;&nbsp;&nbsp;&nbsp;&nbsp;&nbsp;&nbsp;&nbsp;&nbsp;&nbsp;&nbsp;&nbsp;&nbsp;&nbsp;&nbsp;&nbsp;&nbsp; &nbsp;&nbsp;&nbsp;&nbsp;&nbsp;&nbsp;&nbsp;&nbsp;&nbsp;&nbsp;&nbsp;&nbsp;&nbsp;&nbsp;&nbsp;&nbsp;&nbsp;&nbsp;&nbsp;&nbsp;&nbsp;&nbsp;&nbsp;&nbsp;&nbsp;&nbsp;&nbsp;&nbsp;&nbsp;&nbsp;&nbsp;&nbsp;&nbsp;&nbsp;&nbsp;&nbsp;&nbsp;Okanovi\u0107 Damir<\/p>\n","protected":false},"excerpt":{"rendered":"<p>JAVNO PREDUZE\u0106E \u201eKOMUNALAC\u201cd.d. GRADA\u010cAC Broj:02- 1365\/24 Datum, 29.10.2024.godine Na osnovu \u010dl. 6.,7. i 8. Pravilnika o radu JP \u201eKomunalac\u201c d.d. Grada\u010dac, broj: 01\/1-24-2\/18-NO od 22.02.2018.godine, Uredbe o postupku prijema u radni odnos u javnom sektoru u Tuzlanskom kantonu (\u201eSlu\u017ebene novine Tuzlanskog kantona\u201c, broj: 04\/19, 4\/20, 11\/20 i 5\/21) i Odluke o potrebi prijema u radni [&hellip;]<\/p>\n","protected":false},"author":2,"featured_media":690,"comment_status":"open","ping_status":"open","sticky":false,"template":"","format":"standard","meta":{"footnotes":""},"categories":[14],"tags":[],"class_list":["post-2499","post","type-post","status-publish","format-standard","has-post-thumbnail","hentry","category-obavjestenja"],"_links":{"self":[{"href":"https:\/\/komunalac.ba\/naslovna\/wp-json\/wp\/v2\/posts\/2499"}],"collection":[{"href":"https:\/\/komunalac.ba\/naslovna\/wp-json\/wp\/v2\/posts"}],"about":[{"href":"https:\/\/komunalac.ba\/naslovna\/wp-json\/wp\/v2\/types\/post"}],"author":[{"embeddable":true,"href":"https:\/\/komunalac.ba\/naslovna\/wp-json\/wp\/v2\/users\/2"}],"replies":[{"embeddable":true,"href":"https:\/\/komunalac.ba\/naslovna\/wp-json\/wp\/v2\/comments?post=2499"}],"version-history":[{"count":4,"href":"https:\/\/komunalac.ba\/naslovna\/wp-json\/wp\/v2\/posts\/2499\/revisions"}],"predecessor-version":[{"id":2504,"href":"https:\/\/komunalac.ba\/naslovna\/wp-json\/wp\/v2\/posts\/2499\/revisions\/2504"}],"wp:featuredmedia":[{"embeddable":true,"href":"https:\/\/komunalac.ba\/naslovna\/wp-json\/wp\/v2\/media\/690"}],"wp:attachment":[{"href":"https:\/\/komunalac.ba\/naslovna\/wp-json\/wp\/v2\/media?parent=2499"}],"wp:term":[{"taxonomy":"category","embeddable":true,"href":"https:\/\/komunalac.ba\/naslovna\/wp-json\/wp\/v2\/categories?post=2499"},{"taxonomy":"post_tag","embeddable":true,"href":"https:\/\/komunalac.ba\/naslovna\/wp-json\/wp\/v2\/tags?post=2499"}],"curies":[{"name":"wp","href":"https:\/\/api.w.org\/{rel}","templated":true}]}}