{"id":2342,"date":"2024-02-20T20:03:59","date_gmt":"2024-02-20T19:03:59","guid":{"rendered":"https:\/\/komunalac.ba\/naslovna\/?p=2342"},"modified":"2024-02-20T21:18:36","modified_gmt":"2024-02-20T20:18:36","slug":"odluka-o-izboru-najpovoljnijeg-ponudjaca-74","status":"publish","type":"post","link":"https:\/\/komunalac.ba\/naslovna\/odluka-o-izboru-najpovoljnijeg-ponudjaca-74\/","title":{"rendered":"Odluka o izboru najpovoljnijeg ponu\u0111a\u010da"},"content":{"rendered":"<p><a href=\"https:\/\/komunalac.ba\/naslovna\/wp-content\/uploads\/2024\/02\/Odluka-o-izboru-najpovolj.-ponu\u0111a\u010da-Ezio-inox.pdf\">-Odluka o izboru najpovoljnijeg ponu\u0111a\u010da za javnu nabavku posuda za sme\u0107e<\/a><\/p>\n<p>&nbsp;<\/p>\n","protected":false},"excerpt":{"rendered":"<p>-Odluka o izboru najpovoljnijeg ponu\u0111a\u010da za javnu nabavku posuda za sme\u0107e &nbsp;<\/p>\n","protected":false},"author":1,"featured_media":265,"comment_status":"open","ping_status":"open","sticky":false,"template":"","format":"standard","meta":{"footnotes":""},"categories":[17],"tags":[],"class_list":["post-2342","post","type-post","status-publish","format-standard","has-post-thumbnail","hentry","category-odluke-javnih-nabavki"],"_links":{"self":[{"href":"https:\/\/komunalac.ba\/naslovna\/wp-json\/wp\/v2\/posts\/2342"}],"collection":[{"href":"https:\/\/komunalac.ba\/naslovna\/wp-json\/wp\/v2\/posts"}],"about":[{"href":"https:\/\/komunalac.ba\/naslovna\/wp-json\/wp\/v2\/types\/post"}],"author":[{"embeddable":true,"href":"https:\/\/komunalac.ba\/naslovna\/wp-json\/wp\/v2\/users\/1"}],"replies":[{"embeddable":true,"href":"https:\/\/komunalac.ba\/naslovna\/wp-json\/wp\/v2\/comments?post=2342"}],"version-history":[{"count":2,"href":"https:\/\/komunalac.ba\/naslovna\/wp-json\/wp\/v2\/posts\/2342\/revisions"}],"predecessor-version":[{"id":2344,"href":"https:\/\/komunalac.ba\/naslovna\/wp-json\/wp\/v2\/posts\/2342\/revisions\/2344"}],"wp:featuredmedia":[{"embeddable":true,"href":"https:\/\/komunalac.ba\/naslovna\/wp-json\/wp\/v2\/media\/265"}],"wp:attachment":[{"href":"https:\/\/komunalac.ba\/naslovna\/wp-json\/wp\/v2\/media?parent=2342"}],"wp:term":[{"taxonomy":"category","embeddable":true,"href":"https:\/\/komunalac.ba\/naslovna\/wp-json\/wp\/v2\/categories?post=2342"},{"taxonomy":"post_tag","embeddable":true,"href":"https:\/\/komunalac.ba\/naslovna\/wp-json\/wp\/v2\/tags?post=2342"}],"curies":[{"name":"wp","href":"https:\/\/api.w.org\/{rel}","templated":true}]}}