{"id":2283,"date":"2023-10-27T15:28:51","date_gmt":"2023-10-27T13:28:51","guid":{"rendered":"https:\/\/komunalac.ba\/naslovna\/?p=2283"},"modified":"2023-10-27T15:28:51","modified_gmt":"2023-10-27T13:28:51","slug":"o-b-a-v-i-j-e-s-t-radovi-na-cjevovodu-7","status":"publish","type":"post","link":"https:\/\/komunalac.ba\/naslovna\/o-b-a-v-i-j-e-s-t-radovi-na-cjevovodu-7\/","title":{"rendered":"O B A V I J E S T RADOVI NA CJEVOVODU"},"content":{"rendered":"<p><strong>\u00a0<\/strong><\/p>\n<p>Po\u0161tovani korisnici zbog planiranih radova na cjevovodu dana 28.10.2023. (subota) \u0107e do\u0107i do obustave isporuke vode u periodu 07:00 do 16:00 h.<\/p>\n<p>U navedenom periodu \u0107e do\u0107i do nestanka vode u sljede\u0107im ulicama:<\/p>\n<p><strong><u>Rezervoar: HUMKE<\/u><\/strong><\/p>\n<table>\n<tbody>\n<tr>\n<td width=\"312\">&#8211;\u00a0\u00a0\u00a0\u00a0\u00a0\u00a0\u00a0 16. Muslimanske partizanske brigade,<\/p>\n<p>&#8211;\u00a0\u00a0\u00a0\u00a0\u00a0\u00a0\u00a0 Nusreta Brki\u0107a,<\/p>\n<p>&#8211;\u00a0\u00a0\u00a0\u00a0\u00a0\u00a0\u00a0 Rasima Terzi\u0107a,<\/p>\n<p>&#8211;\u00a0\u00a0\u00a0\u00a0\u00a0\u00a0\u00a0 Raifa \u0160aldi\u0107a,<\/p>\n<p>&#8211;\u00a0\u00a0\u00a0\u00a0\u00a0\u00a0\u00a0 1. bataljona,<\/p>\n<p>&#8211;\u00a0\u00a0\u00a0\u00a0\u00a0\u00a0\u00a0 8.mart,<\/p>\n<p>&#8211;\u00a0\u00a0\u00a0\u00a0\u00a0\u00a0\u00a0 \u0160ehitluci,<\/p>\n<p>&#8211;\u00a0\u00a0\u00a0\u00a0\u00a0\u00a0\u00a0 Esada Taslid\u017ei\u0107a \u2013 gornji dio.<\/td>\n<td width=\"223\"><strong>\u00a0<\/strong><\/td>\n<\/tr>\n<\/tbody>\n<\/table>\n<p>&nbsp;<\/p>\n<p>S po\u0161tovanjem,<\/p>\n<p>&nbsp;<\/p>\n<p>JP \u201cKomunalac\u201d dd<\/p>\n<p>Grada\u010dac<\/p>\n","protected":false},"excerpt":{"rendered":"<p>\u00a0 Po\u0161tovani korisnici zbog planiranih radova na cjevovodu dana 28.10.2023. (subota) \u0107e do\u0107i do obustave isporuke vode u periodu 07:00 do 16:00 h. U navedenom periodu \u0107e do\u0107i do nestanka vode u sljede\u0107im ulicama: Rezervoar: HUMKE &#8211;\u00a0\u00a0\u00a0\u00a0\u00a0\u00a0\u00a0 16. Muslimanske partizanske brigade, &#8211;\u00a0\u00a0\u00a0\u00a0\u00a0\u00a0\u00a0 Nusreta Brki\u0107a, &#8211;\u00a0\u00a0\u00a0\u00a0\u00a0\u00a0\u00a0 Rasima Terzi\u0107a, &#8211;\u00a0\u00a0\u00a0\u00a0\u00a0\u00a0\u00a0 Raifa \u0160aldi\u0107a, &#8211;\u00a0\u00a0\u00a0\u00a0\u00a0\u00a0\u00a0 1. bataljona, &#8211;\u00a0\u00a0\u00a0\u00a0\u00a0\u00a0\u00a0 8.mart, [&hellip;]<\/p>\n","protected":false},"author":1,"featured_media":1089,"comment_status":"open","ping_status":"open","sticky":false,"template":"","format":"standard","meta":{"footnotes":""},"categories":[14],"tags":[],"class_list":["post-2283","post","type-post","status-publish","format-standard","has-post-thumbnail","hentry","category-obavjestenja"],"_links":{"self":[{"href":"https:\/\/komunalac.ba\/naslovna\/wp-json\/wp\/v2\/posts\/2283"}],"collection":[{"href":"https:\/\/komunalac.ba\/naslovna\/wp-json\/wp\/v2\/posts"}],"about":[{"href":"https:\/\/komunalac.ba\/naslovna\/wp-json\/wp\/v2\/types\/post"}],"author":[{"embeddable":true,"href":"https:\/\/komunalac.ba\/naslovna\/wp-json\/wp\/v2\/users\/1"}],"replies":[{"embeddable":true,"href":"https:\/\/komunalac.ba\/naslovna\/wp-json\/wp\/v2\/comments?post=2283"}],"version-history":[{"count":1,"href":"https:\/\/komunalac.ba\/naslovna\/wp-json\/wp\/v2\/posts\/2283\/revisions"}],"predecessor-version":[{"id":2284,"href":"https:\/\/komunalac.ba\/naslovna\/wp-json\/wp\/v2\/posts\/2283\/revisions\/2284"}],"wp:featuredmedia":[{"embeddable":true,"href":"https:\/\/komunalac.ba\/naslovna\/wp-json\/wp\/v2\/media\/1089"}],"wp:attachment":[{"href":"https:\/\/komunalac.ba\/naslovna\/wp-json\/wp\/v2\/media?parent=2283"}],"wp:term":[{"taxonomy":"category","embeddable":true,"href":"https:\/\/komunalac.ba\/naslovna\/wp-json\/wp\/v2\/categories?post=2283"},{"taxonomy":"post_tag","embeddable":true,"href":"https:\/\/komunalac.ba\/naslovna\/wp-json\/wp\/v2\/tags?post=2283"}],"curies":[{"name":"wp","href":"https:\/\/api.w.org\/{rel}","templated":true}]}}