{"id":1389,"date":"2021-03-24T15:20:36","date_gmt":"2021-03-24T14:20:36","guid":{"rendered":"https:\/\/komunalac.ba\/naslovna\/?p=1389"},"modified":"2021-03-25T07:28:03","modified_gmt":"2021-03-25T06:28:03","slug":"odluka-o-izboru-najpovoljnijeg-ponudjaca-28","status":"publish","type":"post","link":"https:\/\/komunalac.ba\/naslovna\/odluka-o-izboru-najpovoljnijeg-ponudjaca-28\/","title":{"rendered":"Odluka o izboru najpovoljnijeg ponu\u0111a\u010da"},"content":{"rendered":"<p><a href=\"https:\/\/komunalac.ba\/naslovna\/wp-content\/uploads\/2021\/03\/Odluka-o-izboru-Inter-Impex-hlor-2021..pdf\">-Odluka o izboru najpovoljnijeg ponu\u0111a\u010da za javnu nabavku hlora i atestiranje boca<\/a><\/p>\n<p><a href=\"https:\/\/komunalac.ba\/naslovna\/wp-content\/uploads\/2021\/03\/Odluka-o-izboru-Biro-Commerce-toneri-2021..pdf\">-Odluka o izboru najpovoljnijeg ponu\u0111a\u010da za javnu nabavku repariranih i novih tonera<\/a><\/p>\n<p><a href=\"https:\/\/komunalac.ba\/naslovna\/wp-content\/uploads\/2021\/03\/Odluka-o-izboru-De-lux-euro-profi-higij-potro\u0161-materijal-2021..pdf\">-Odluka o izboru najpovoljnijeg ponu\u0111a\u010da za javnu nabavku higijensko potro\u0161nog materijala<\/a><\/p>\n<p><a href=\"https:\/\/komunalac.ba\/naslovna\/wp-content\/uploads\/2021\/03\/Odluka-o-izboru-kancelarijski-materijal-Aero-exclusive-2021..pdf\">-Odluka o izboru najpovoljnijeg ponu\u0111a\u010da za javnu nabavku kancelarijskog materijala i inventara<\/a><\/p>\n<p>&nbsp;<\/p>\n","protected":false},"excerpt":{"rendered":"<p>-Odluka o izboru najpovoljnijeg ponu\u0111a\u010da za javnu nabavku hlora i atestiranje boca -Odluka o izboru najpovoljnijeg ponu\u0111a\u010da za javnu nabavku repariranih i novih tonera -Odluka o izboru najpovoljnijeg ponu\u0111a\u010da za javnu nabavku higijensko potro\u0161nog materijala -Odluka o izboru najpovoljnijeg ponu\u0111a\u010da za javnu nabavku kancelarijskog materijala i inventara &nbsp;<\/p>\n","protected":false},"author":1,"featured_media":265,"comment_status":"open","ping_status":"open","sticky":false,"template":"","format":"standard","meta":{"footnotes":""},"categories":[17],"tags":[],"class_list":["post-1389","post","type-post","status-publish","format-standard","has-post-thumbnail","hentry","category-odluke-javnih-nabavki"],"_links":{"self":[{"href":"https:\/\/komunalac.ba\/naslovna\/wp-json\/wp\/v2\/posts\/1389"}],"collection":[{"href":"https:\/\/komunalac.ba\/naslovna\/wp-json\/wp\/v2\/posts"}],"about":[{"href":"https:\/\/komunalac.ba\/naslovna\/wp-json\/wp\/v2\/types\/post"}],"author":[{"embeddable":true,"href":"https:\/\/komunalac.ba\/naslovna\/wp-json\/wp\/v2\/users\/1"}],"replies":[{"embeddable":true,"href":"https:\/\/komunalac.ba\/naslovna\/wp-json\/wp\/v2\/comments?post=1389"}],"version-history":[{"count":1,"href":"https:\/\/komunalac.ba\/naslovna\/wp-json\/wp\/v2\/posts\/1389\/revisions"}],"predecessor-version":[{"id":1390,"href":"https:\/\/komunalac.ba\/naslovna\/wp-json\/wp\/v2\/posts\/1389\/revisions\/1390"}],"wp:featuredmedia":[{"embeddable":true,"href":"https:\/\/komunalac.ba\/naslovna\/wp-json\/wp\/v2\/media\/265"}],"wp:attachment":[{"href":"https:\/\/komunalac.ba\/naslovna\/wp-json\/wp\/v2\/media?parent=1389"}],"wp:term":[{"taxonomy":"category","embeddable":true,"href":"https:\/\/komunalac.ba\/naslovna\/wp-json\/wp\/v2\/categories?post=1389"},{"taxonomy":"post_tag","embeddable":true,"href":"https:\/\/komunalac.ba\/naslovna\/wp-json\/wp\/v2\/tags?post=1389"}],"curies":[{"name":"wp","href":"https:\/\/api.w.org\/{rel}","templated":true}]}}