{"id":1363,"date":"2021-03-16T10:42:22","date_gmt":"2021-03-16T09:42:22","guid":{"rendered":"https:\/\/komunalac.ba\/naslovna\/?p=1363"},"modified":"2021-03-16T10:44:38","modified_gmt":"2021-03-16T09:44:38","slug":"obavijest-gradjanima-gradacca","status":"publish","type":"post","link":"https:\/\/komunalac.ba\/naslovna\/obavijest-gradjanima-gradacca\/","title":{"rendered":"OBAVIJEST GRA\u0110ANIMA GRADA\u010cCA"},"content":{"rendered":"<p class=\"v1MsoNormal\"><span lang=\"EN-US\">Rekonstrukcija azbest cementnih cijevi,cijevi nedovoljnih profila i dotrajale mre\u017ee kao jedna od \u010detiri komponente Projekta vodosnabdijevanja Grada\u010dac se odnosi na zamjenu cijevi u du\u017eini od cca 40 km koja je planirana da traje tokom 2021. i 2022. godine.<\/span><\/p>\n<p class=\"v1MsoNormal\"><span lang=\"EN-US\">Izvo\u0111a\u010d radova na pomenutom projektu je konzorcij: &#8220;BUK PROMET&#8221; doo Bijeljina i &#8220;BALEGEM&#8221; doo Grada\u010dac. Radovi \u0107e se izvoditi kroz 4 sekcije, o \u010demu \u0107emo Vas pravovremeno obavje\u0161tavati.<\/span><\/p>\n<p class=\"v1MsoNormal\"><span lang=\"EN-US\">Prema planiranoj dinamici radova prema aktuelnom termin planu za prvu sekciju za\u00a0<b>19. mart 2021<\/b>. godine planiran je po\u010detak radova u sljede\u0107im ulicama:<\/span><\/p>\n<p class=\"v1MsoListParagraphCxSpFirst\"><span lang=\"EN-US\">\u00b7\u00a0\u00a0\u00a0\u00a0\u00a0\u00a0\u00a0<\/span><b><span lang=\"EN-US\">Ulica \u0160kori\u0107i\u00a0 u ukupnoj du\u017eini L=2.930 m<\/span><\/b><\/p>\n<p class=\"v1MsoListParagraphCxSpLast\"><span lang=\"EN-US\">\u00b7\u00a0 \u00a0 \u00a0 \u00a0<\/span><b><span lang=\"EN-US\">Ulica 7.Bataljona, dio ulice \u0160ehida i ulica 1. mart, u ukupnoj du\u017eini L=3.000m<\/span><\/b><\/p>\n<p class=\"v1MsoNormal\"><b><i><span lang=\"EN-US\">Dinamika radova za ostale sekcije javnost \u0107e biti blagovremeno obavje\u0161tena od strane investitora.<\/span><\/i><\/b><\/p>\n<p class=\"v1MsoNormal\"><span lang=\"EN-US\">U toku izvo\u0111enja radova dolazit \u0107e do privremenog prekida vodosnabdijevanja uzrokovanih radovima na zamjeni cjevovoda.\u00a0<span class=\"v1jlqj4b\">Planirani prekid vodosnabdijevanja u toku dana je 12 sati. Prekidi \u0107e trajati od 07:00 do 19:00 svaki radni dan uklju\u010duju\u0107i i subotu. Tokom vjerskih i dr\u017eavnih praznika, te nedjeljom nije planirano izvo\u0111enje radova i prekidi u vodosnabdijevanju.<\/span><\/span><\/p>\n<p class=\"v1MsoNormal\"><span class=\"v1jlqj4b\"><span lang=\"EN-US\">Ovim putem obavje\u0161tavamo gra\u0111ane da se prilikom izvo\u0111enja radova u odre\u0111enoj ulici, voda mo\u017ee koristiti kao tehni\u010dka (nije za pi\u0107e) do zavr\u0161etka radova u datoj ulici. Nakon zavr\u0161etka radova u svakoj ulici, vr\u0161it \u0107e se ispitivanje i ispiranje cjevovoda, te dezinfekcija nakon \u010dega \u0107e se voda ponovo mo\u0107i koristiti za pi\u0107e. O detaljima daljih radova, kao i ulica u kojima se voda ne\u0107e mo\u0107i koristiti za pi\u0107e tokom izvo\u0111enja radova, blagovremeno \u0107emo obavje\u0161tavati gra\u0111ane putem medija.<\/span><\/span><\/p>\n<p class=\"v1MsoNormal\"><span class=\"v1jlqj4b\"><span lang=\"EN-US\">Tokom izvo\u0111enja radova je mogu\u0107e da \u0107e dolaziti do privremene obustave ili ote\u017eanog odvijanja saobra\u0107aja, te se gra\u0111ani mole za strpljivost i\u00a0<\/span><\/span><span lang=\"EN-US\">po\u0161tivanje saobra\u0107ajne signalizacije.<\/span><\/p>\n<p class=\"v1MsoNormal\"><span lang=\"EN-US\">Obzirom na kompleksnost uslova izvo\u0111enja radova u gradskoj zoni, a naro\u010dito radi \u010dinjenice da se jednim dijelom radi o rekonstrukciji azbest-cementnih cijevi, (koje su \u0161tetne po zdravlje ljudi) mole se gra\u0111ani da se ne pribli\u017eavaju gradili\u0161tima radi vlastite sigurnosti.<\/span><\/p>\n<p class=\"v1MsoNormal\"><span lang=\"EN-US\">Gra\u0111ani grada Grada\u010dca se mole za strpljivost prilikom izvo\u0111enja radova da bismo u kona\u010dnici imali br\u017eu i efikasniju realizaciju ovog projekta \u0161to \u0107e se direktno odraziti na kvalitetnije vodosnabdijevanje.<\/span><\/p>\n<p class=\"v1MsoNormal\"><span lang=\"EN-US\">\u00a0<\/span><\/p>\n<p class=\"v1MsoNormal\"><span lang=\"EN-US\">Sve informacije za gra\u0111anstvo \u0107e se objavljivati na web stranici Komunalca (<span class=\"v1MsoHyperlink\"><a href=\"http:\/\/www.komunalac.ba\/\" target=\"_blank\" rel=\"noopener noreferrer\">www.komunalac.ba<\/a><\/span>), stranici Grada (<span class=\"v1MsoHyperlink\"><a href=\"http:\/\/www.gradacac.ba\/\" target=\"_blank\" rel=\"noopener noreferrer\">www.gradacac.ba<\/a><\/span>), ten a web stranici radio Grada\u010dca (<span class=\"v1MsoHyperlink\"><a href=\"http:\/\/www.radiogradacac.ba\/\" target=\"_blank\" rel=\"noopener noreferrer\">www.radiogradacac.ba<\/a><\/span>).<\/span><\/p>\n<p>&nbsp;<\/p>\n<p><img loading=\"lazy\" decoding=\"async\" class=\"alignnone size-full wp-image-1365\" src=\"https:\/\/komunalac.ba\/naslovna\/wp-content\/uploads\/2021\/03\/20210312_120719.jpg\" alt=\"\" width=\"2016\" height=\"1134\" srcset=\"https:\/\/komunalac.ba\/naslovna\/wp-content\/uploads\/2021\/03\/20210312_120719.jpg 2016w, https:\/\/komunalac.ba\/naslovna\/wp-content\/uploads\/2021\/03\/20210312_120719-300x169.jpg 300w, https:\/\/komunalac.ba\/naslovna\/wp-content\/uploads\/2021\/03\/20210312_120719-768x432.jpg 768w, https:\/\/komunalac.ba\/naslovna\/wp-content\/uploads\/2021\/03\/20210312_120719-1024x576.jpg 1024w, https:\/\/komunalac.ba\/naslovna\/wp-content\/uploads\/2021\/03\/20210312_120719-696x392.jpg 696w, https:\/\/komunalac.ba\/naslovna\/wp-content\/uploads\/2021\/03\/20210312_120719-1068x601.jpg 1068w, https:\/\/komunalac.ba\/naslovna\/wp-content\/uploads\/2021\/03\/20210312_120719-747x420.jpg 747w\" sizes=\"(max-width: 2016px) 100vw, 2016px\" \/><\/p>\n<p><img loading=\"lazy\" decoding=\"async\" class=\"alignnone size-full wp-image-1366\" src=\"https:\/\/komunalac.ba\/naslovna\/wp-content\/uploads\/2021\/03\/20210311_143513.jpg\" alt=\"\" width=\"2016\" height=\"1134\" srcset=\"https:\/\/komunalac.ba\/naslovna\/wp-content\/uploads\/2021\/03\/20210311_143513.jpg 2016w, https:\/\/komunalac.ba\/naslovna\/wp-content\/uploads\/2021\/03\/20210311_143513-300x169.jpg 300w, https:\/\/komunalac.ba\/naslovna\/wp-content\/uploads\/2021\/03\/20210311_143513-768x432.jpg 768w, https:\/\/komunalac.ba\/naslovna\/wp-content\/uploads\/2021\/03\/20210311_143513-1024x576.jpg 1024w, https:\/\/komunalac.ba\/naslovna\/wp-content\/uploads\/2021\/03\/20210311_143513-696x392.jpg 696w, https:\/\/komunalac.ba\/naslovna\/wp-content\/uploads\/2021\/03\/20210311_143513-1068x601.jpg 1068w, https:\/\/komunalac.ba\/naslovna\/wp-content\/uploads\/2021\/03\/20210311_143513-747x420.jpg 747w\" sizes=\"(max-width: 2016px) 100vw, 2016px\" \/><\/p>\n","protected":false},"excerpt":{"rendered":"<p>Rekonstrukcija azbest cementnih cijevi,cijevi nedovoljnih profila i dotrajale mre\u017ee kao jedna od \u010detiri komponente Projekta vodosnabdijevanja Grada\u010dac se odnosi na zamjenu cijevi u du\u017eini od cca 40 km koja je planirana da traje tokom 2021. i 2022. godine. Izvo\u0111a\u010d radova na pomenutom projektu je konzorcij: &#8220;BUK PROMET&#8221; doo Bijeljina i &#8220;BALEGEM&#8221; doo Grada\u010dac. Radovi \u0107e [&hellip;]<\/p>\n","protected":false},"author":1,"featured_media":1364,"comment_status":"open","ping_status":"open","sticky":false,"template":"","format":"standard","meta":{"footnotes":""},"categories":[14],"tags":[],"class_list":["post-1363","post","type-post","status-publish","format-standard","has-post-thumbnail","hentry","category-obavjestenja"],"_links":{"self":[{"href":"https:\/\/komunalac.ba\/naslovna\/wp-json\/wp\/v2\/posts\/1363"}],"collection":[{"href":"https:\/\/komunalac.ba\/naslovna\/wp-json\/wp\/v2\/posts"}],"about":[{"href":"https:\/\/komunalac.ba\/naslovna\/wp-json\/wp\/v2\/types\/post"}],"author":[{"embeddable":true,"href":"https:\/\/komunalac.ba\/naslovna\/wp-json\/wp\/v2\/users\/1"}],"replies":[{"embeddable":true,"href":"https:\/\/komunalac.ba\/naslovna\/wp-json\/wp\/v2\/comments?post=1363"}],"version-history":[{"count":2,"href":"https:\/\/komunalac.ba\/naslovna\/wp-json\/wp\/v2\/posts\/1363\/revisions"}],"predecessor-version":[{"id":1368,"href":"https:\/\/komunalac.ba\/naslovna\/wp-json\/wp\/v2\/posts\/1363\/revisions\/1368"}],"wp:featuredmedia":[{"embeddable":true,"href":"https:\/\/komunalac.ba\/naslovna\/wp-json\/wp\/v2\/media\/1364"}],"wp:attachment":[{"href":"https:\/\/komunalac.ba\/naslovna\/wp-json\/wp\/v2\/media?parent=1363"}],"wp:term":[{"taxonomy":"category","embeddable":true,"href":"https:\/\/komunalac.ba\/naslovna\/wp-json\/wp\/v2\/categories?post=1363"},{"taxonomy":"post_tag","embeddable":true,"href":"https:\/\/komunalac.ba\/naslovna\/wp-json\/wp\/v2\/tags?post=1363"}],"curies":[{"name":"wp","href":"https:\/\/api.w.org\/{rel}","templated":true}]}}