{"id":1343,"date":"2021-03-02T10:43:38","date_gmt":"2021-03-02T09:43:38","guid":{"rendered":"https:\/\/komunalac.ba\/naslovna\/?p=1343"},"modified":"2021-03-02T10:43:38","modified_gmt":"2021-03-02T09:43:38","slug":"najava-radova-na-izmjeni-azbest-cementnih-cijevi-u-uzem-dijelu-grada-gradacac","status":"publish","type":"post","link":"https:\/\/komunalac.ba\/naslovna\/najava-radova-na-izmjeni-azbest-cementnih-cijevi-u-uzem-dijelu-grada-gradacac\/","title":{"rendered":"Najava radova na izmjeni azbest cementnih cijevi u u\u017eem dijelu grada Grada\u010dac"},"content":{"rendered":"<p>Rekonstrukcija azbest cementnih cijevi,cijevi nedovoljnih profila i dotrajale mre\u017ee kao jedna od \u010detiri komponente \u201cProjekta vodosnabdjevanja Grada\u010dac\u201d se odnosi na zamjenu cijevi u du\u017eini od nekih 40-tak km koja je planirana da traje tokom 2021. i 2022. godine.<\/p>\n<p>Radove izvodi konzorcij izvo\u0111a\u010da BUK PROMET doo Bijeljina i Balegem doo Grada\u010dac kroz \u010detiri sekcije.<\/p>\n<p>Planirana dinamika radova prema aktuelnom termin planu za prvu sekciju izgleda ovako:<\/p>\n<p><strong>08.Mart 2021 planiran je po\u010detak radova u ulicama:<\/strong><\/p>\n<ul>\n<li><strong>Ulica 6. Bataljona ( dio 2 ) u ukupnoj du\u017eini L=543,00m<\/strong><\/li>\n<li><strong>Ulica Bosanskih gazija ( dio \u010c 12 \u2013 \u010c 111 ) u ukupnoj du\u017eini L=141,00m<\/strong><\/li>\n<\/ul>\n<p><strong><em>Dinamika radova za ostale sekcije javnost \u0107e biti blagovremeno obavje\u0161tena od strane investitora.<\/em><\/strong><\/p>\n<p>U toku izvo\u0111enja radova dolazit \u0107e do privremenog prekida vodosnabdijevanja.<\/p>\n<p><strong>Planirani prekid opskrbe vodom u toku dana je 12 sati .Prekid \u0107e trajat od 07 : 00 do 19 : 00 svaki radni dan uklju\u010duju\u0107i i subotu.<\/strong>\u00a0Ne planira se izvo\u0111enje radova i prekid u vodosnabdijevanju tokom vjerskih i dr\u017eavnih praznika,\u00a0 i nedjeljom.<\/p>\n<p>Investitor \u0107e informisati gra\u0111ane putem medija kad se voda ne mo\u017ee koristiti kao voda za pi\u0107e (dok se radovi ne zavr\u0161e u cijeloj ulici i ne ispita kvalitet vode).<\/p>\n<p>Radovi na rekonstrukciji ulice Husein-kapetan Grada\u0161\u010devi\u0107a , Titove, Had\u017eiefendijine i centra grada nisu planirani da se izvode tokom ljetnog perioda (jun &#8211; jul &#8211; avgust) zbog najve\u0107eg optere\u0107enja saobra\u0107aja i pje\u0161aka, sajma i drugih manifestacija.<\/p>\n<p>Na odre\u0111enim dionicama \u0107e dolaziti do povremene obustave ili ote\u017eanog saobra\u0107aja te se gra\u0111ani mole za strpljivost\u00a0 i po\u0161tivanje saobra\u0107ajne signalizacije.<\/p>\n<p>Obzirom na kompleksnost uslova izvo\u0111enja radova u gradskoj zoni, a naro\u010dito radi \u010dinjenice da se jednim dijelom radi o rekonstrukciji azbest cementnih cijevi (koje su \u0161tetne po zdravlje ljudi) mole se gra\u0111ani da se ne pribli\u017eavaju gradili\u0161tima radi vlastite sigurnosti.<\/p>\n<p>Gra\u0111ani grada Grada\u010dca se mole za strpljivost prilikom izvo\u0111enja radova da bismo u kona\u010dnici imali br\u017eu i efikasniju realizaciju ovog projekta \u0161to \u0107e se direktno odraziti na kvalitetnije vodosnabdijevanje.<\/p>\n<p>Sve informacije za gra\u0111anstvo \u0107e se objavljivati na web stranici JP Komunalca (\u00a0<a href=\"http:\/\/www.komunalac.ba\/\">www.komunalac.ba<\/a>), Grad Grada\u010dac (<a href=\"http:\/\/www.gradacac.ba\/\">www.gradacac.ba<\/a>\u00a0) te Radio Grada\u010dac ( www.radiogradacac.ba).<\/p>\n","protected":false},"excerpt":{"rendered":"<p>Rekonstrukcija azbest cementnih cijevi,cijevi nedovoljnih profila i dotrajale mre\u017ee kao jedna od \u010detiri komponente \u201cProjekta vodosnabdjevanja Grada\u010dac\u201d se odnosi na zamjenu cijevi u du\u017eini od nekih 40-tak km koja je planirana da traje tokom 2021. i 2022. godine. Radove izvodi konzorcij izvo\u0111a\u010da BUK PROMET doo Bijeljina i Balegem doo Grada\u010dac kroz \u010detiri sekcije. Planirana dinamika [&hellip;]<\/p>\n","protected":false},"author":1,"featured_media":1344,"comment_status":"open","ping_status":"open","sticky":false,"template":"","format":"standard","meta":{"footnotes":""},"categories":[14],"tags":[],"class_list":["post-1343","post","type-post","status-publish","format-standard","has-post-thumbnail","hentry","category-obavjestenja"],"_links":{"self":[{"href":"https:\/\/komunalac.ba\/naslovna\/wp-json\/wp\/v2\/posts\/1343"}],"collection":[{"href":"https:\/\/komunalac.ba\/naslovna\/wp-json\/wp\/v2\/posts"}],"about":[{"href":"https:\/\/komunalac.ba\/naslovna\/wp-json\/wp\/v2\/types\/post"}],"author":[{"embeddable":true,"href":"https:\/\/komunalac.ba\/naslovna\/wp-json\/wp\/v2\/users\/1"}],"replies":[{"embeddable":true,"href":"https:\/\/komunalac.ba\/naslovna\/wp-json\/wp\/v2\/comments?post=1343"}],"version-history":[{"count":1,"href":"https:\/\/komunalac.ba\/naslovna\/wp-json\/wp\/v2\/posts\/1343\/revisions"}],"predecessor-version":[{"id":1345,"href":"https:\/\/komunalac.ba\/naslovna\/wp-json\/wp\/v2\/posts\/1343\/revisions\/1345"}],"wp:featuredmedia":[{"embeddable":true,"href":"https:\/\/komunalac.ba\/naslovna\/wp-json\/wp\/v2\/media\/1344"}],"wp:attachment":[{"href":"https:\/\/komunalac.ba\/naslovna\/wp-json\/wp\/v2\/media?parent=1343"}],"wp:term":[{"taxonomy":"category","embeddable":true,"href":"https:\/\/komunalac.ba\/naslovna\/wp-json\/wp\/v2\/categories?post=1343"},{"taxonomy":"post_tag","embeddable":true,"href":"https:\/\/komunalac.ba\/naslovna\/wp-json\/wp\/v2\/tags?post=1343"}],"curies":[{"name":"wp","href":"https:\/\/api.w.org\/{rel}","templated":true}]}}