{"id":1331,"date":"2021-02-10T10:50:46","date_gmt":"2021-02-10T09:50:46","guid":{"rendered":"https:\/\/komunalac.ba\/naslovna\/?p=1331"},"modified":"2021-02-10T11:28:18","modified_gmt":"2021-02-10T10:28:18","slug":"obavijest-gradjanima","status":"publish","type":"post","link":"https:\/\/komunalac.ba\/naslovna\/obavijest-gradjanima\/","title":{"rendered":"OBAVIJEST GRA\u0110ANIMA"},"content":{"rendered":"<p>Pozivaju se gra\u0111ani i privredni subjekti grada Grada\u010dca iz naselja ili dijelova naselja kroz koja je izgra\u0111ena nova kanalizaciona mre\u017ea, (Ledenice Donje, Ledenice Gornje, \u0160kori\u0107i, Bagdale, Vida 1, Vida 2, Centar grada (kod Bolnice), Sibovac, Osoji\u2026), a koji nisu spojeni na novoizgra\u0111enu kanalizacionu mre\u017eu (javni kanalizacioni sistem) da se prijave sa zahtjevom za priklju\u010denje u prostorije JP Komunalac dd, Husein Kapetana Grada\u0161\u010devi\u0107a 114\u00a0(kod kru\u017enog toka) kako bi se utvrdili uslovi priklju\u010denja.<\/p>\n<p>&nbsp;<\/p>\n<p>Podsje\u0107amo gra\u0111ane da je izgradnja nove kanalizacione mre\u017ee du\u017eine preko 40 km i vriiednosti pribli\u017eno 6,5 miliona konvertibilnih maraka osim doma\u0107im bud\u017eetskim sredstvima, velikim dijelom podr\u017eana donatorskim sredstvima:<\/p>\n<p>\u0160vedske agencije\u00a0 za me\u0111unarodni razvoj i saradnju,<\/p>\n<p>\u010ce\u0161ke razvojne agencije,<\/p>\n<p>Vlade \u0160vicarske putem UNDP BIH.<\/p>\n<p>Sva sredstva investirana su cilju pobolj\u0161anja uslova \u017eivota gra\u0111ana, za\u0161tite izvori\u0161ta pitke vode, zdravlja ljudi, \u010di\u0161\u0107eg okoli\u0161a kao i omogu\u0107avanja daljnjeg privrednog razvoja\u00a0 grada Grada\u010dca .<\/p>\n<p>&nbsp;<\/p>\n<p>Odlukom o odvodnji otpadnih voda na podru\u010dju Grada Grada\u010dac donesenom od strane Gradskog vije\u0107a Slu\u017ebeni glasnik Grada Grada\u010dca 6\/19 \u00a0od 22.11.2019. svi vlasnici objekata i gra\u0111evina koji nisu bili obuhva\u0107eni javnim kanalizacionim sistemom , a koji su pro\u0161irenjem javnog kanalizacionog sistema stekli mogu\u0107nost za priklju\u010denje su du\u017eni priklju\u010diti se na isti.<\/p>\n<p>&nbsp;<\/p>\n<p>&nbsp;<\/p>\n<p>JP Komunalac Grada\u010dac<\/p>\n","protected":false},"excerpt":{"rendered":"<p>Pozivaju se gra\u0111ani i privredni subjekti grada Grada\u010dca iz naselja ili dijelova naselja kroz koja je izgra\u0111ena nova kanalizaciona mre\u017ea, (Ledenice Donje, Ledenice Gornje, \u0160kori\u0107i, Bagdale, Vida 1, Vida 2, Centar grada (kod Bolnice), Sibovac, Osoji\u2026), a koji nisu spojeni na novoizgra\u0111enu kanalizacionu mre\u017eu (javni kanalizacioni sistem) da se prijave sa zahtjevom za priklju\u010denje u [&hellip;]<\/p>\n","protected":false},"author":1,"featured_media":1332,"comment_status":"open","ping_status":"open","sticky":false,"template":"","format":"standard","meta":{"footnotes":""},"categories":[14],"tags":[],"class_list":["post-1331","post","type-post","status-publish","format-standard","has-post-thumbnail","hentry","category-obavjestenja"],"_links":{"self":[{"href":"https:\/\/komunalac.ba\/naslovna\/wp-json\/wp\/v2\/posts\/1331"}],"collection":[{"href":"https:\/\/komunalac.ba\/naslovna\/wp-json\/wp\/v2\/posts"}],"about":[{"href":"https:\/\/komunalac.ba\/naslovna\/wp-json\/wp\/v2\/types\/post"}],"author":[{"embeddable":true,"href":"https:\/\/komunalac.ba\/naslovna\/wp-json\/wp\/v2\/users\/1"}],"replies":[{"embeddable":true,"href":"https:\/\/komunalac.ba\/naslovna\/wp-json\/wp\/v2\/comments?post=1331"}],"version-history":[{"count":2,"href":"https:\/\/komunalac.ba\/naslovna\/wp-json\/wp\/v2\/posts\/1331\/revisions"}],"predecessor-version":[{"id":1334,"href":"https:\/\/komunalac.ba\/naslovna\/wp-json\/wp\/v2\/posts\/1331\/revisions\/1334"}],"wp:featuredmedia":[{"embeddable":true,"href":"https:\/\/komunalac.ba\/naslovna\/wp-json\/wp\/v2\/media\/1332"}],"wp:attachment":[{"href":"https:\/\/komunalac.ba\/naslovna\/wp-json\/wp\/v2\/media?parent=1331"}],"wp:term":[{"taxonomy":"category","embeddable":true,"href":"https:\/\/komunalac.ba\/naslovna\/wp-json\/wp\/v2\/categories?post=1331"},{"taxonomy":"post_tag","embeddable":true,"href":"https:\/\/komunalac.ba\/naslovna\/wp-json\/wp\/v2\/tags?post=1331"}],"curies":[{"name":"wp","href":"https:\/\/api.w.org\/{rel}","templated":true}]}}