{"id":1156,"date":"2020-07-03T14:25:27","date_gmt":"2020-07-03T12:25:27","guid":{"rendered":"https:\/\/komunalac.ba\/naslovna\/?p=1156"},"modified":"2020-07-03T14:25:24","modified_gmt":"2020-07-03T12:25:24","slug":"raspored-ulica-po-cjevovodima-vodosnabdijevanja","status":"publish","type":"post","link":"https:\/\/komunalac.ba\/naslovna\/raspored-ulica-po-cjevovodima-vodosnabdijevanja\/","title":{"rendered":"RASPORED ULICA PO CJEVOVODIMA VODOSNABDIJEVANJA"},"content":{"rendered":"<p style=\"text-align: center;\"><strong>RASPORED ULICA PO CJEVOVODIMA VODOSNABDIJEVANJA<\/strong><\/p>\n<p><strong>\u00a0<\/strong><\/p>\n<table>\n<tbody>\n<tr>\n<td width=\"197\"><strong>CJEVOVOD VODOSNABDIJEVANJA<\/strong><\/td>\n<td width=\"423\"><strong>ULICE<\/strong><\/td>\n<\/tr>\n<tr>\n<td width=\"197\">Industrijski vod<\/td>\n<td width=\"423\">Po\u017eari\u010dkih branilaca, Kiki\u0107i, \u017deljezni\u010dka, Po\u017eari\u010dka, Diren, 6. bataljona, Bosanskih gazija, Udarni\u010dka, Sarajevska, Okanovi\u0107i, Ledenice<\/td>\n<\/tr>\n<tr>\n<td width=\"197\">Visoke zone<\/td>\n<td width=\"423\">\u017drtava Srebrenice, Esada Taslid\u017ei\u0107a, Grada\u010da\u010dkih brigada, Branilaca grada, Bagdale, \u010celikova\u010da, 1. marta, \u0160ehida, gornji dio 7. bataljona, gornji dio 6. aprila, Hasana Durmi\u0161evi\u0107a<\/td>\n<\/tr>\n<tr>\n<td width=\"197\">Ostale zone<\/td>\n<td width=\"423\">16. Muslimanske brigade, Raifa \u0160aldi\u0107a, Rijeka, 8.mart, \u0160ehitluci, dio Esada Taslid\u017ei\u0107a, \u0160ehitluci, Nenavi\u0161te, Gradina, Had\u017eiefendijina, Narodnog fronta, Hazna, Mustafe Novali\u0107a, 1.bataljona, Ahmeta Be\u0161irevi\u0107a, Svira\u010dka, Rasima Terzi\u0107a, \u0160kori\u0107i, Zlatnih ljiljana, Kadi\u0107 Mahala, Varo\u0161ka, Sini\u0161e Mlinarevi\u0107a, Reufa Huseinagi\u0107a, Ibrahima Kapetanovi\u0107a, donji dio 6. aprila, donji dio 7. bataljona,\u00a0 Titova, Josipa \u0160ibera,\u00a0 H. K. Grada\u0161\u010devi\u0107a, Hasana Kiki\u0107a, 1. maja, XVIII hrvatske brigade, Partizanska bolnica<\/td>\n<\/tr>\n<\/tbody>\n<\/table>\n","protected":false},"excerpt":{"rendered":"<p>RASPORED ULICA PO CJEVOVODIMA VODOSNABDIJEVANJA \u00a0 CJEVOVOD VODOSNABDIJEVANJA ULICE Industrijski vod Po\u017eari\u010dkih branilaca, Kiki\u0107i, \u017deljezni\u010dka, Po\u017eari\u010dka, Diren, 6. bataljona, Bosanskih gazija, Udarni\u010dka, Sarajevska, Okanovi\u0107i, Ledenice Visoke zone \u017drtava Srebrenice, Esada Taslid\u017ei\u0107a, Grada\u010da\u010dkih brigada, Branilaca grada, Bagdale, \u010celikova\u010da, 1. marta, \u0160ehida, gornji dio 7. bataljona, gornji dio 6. aprila, Hasana Durmi\u0161evi\u0107a Ostale zone 16. Muslimanske brigade, [&hellip;]<\/p>\n","protected":false},"author":1,"featured_media":621,"comment_status":"open","ping_status":"open","sticky":false,"template":"","format":"standard","meta":{"footnotes":""},"categories":[14],"tags":[],"class_list":["post-1156","post","type-post","status-publish","format-standard","has-post-thumbnail","hentry","category-obavjestenja"],"_links":{"self":[{"href":"https:\/\/komunalac.ba\/naslovna\/wp-json\/wp\/v2\/posts\/1156"}],"collection":[{"href":"https:\/\/komunalac.ba\/naslovna\/wp-json\/wp\/v2\/posts"}],"about":[{"href":"https:\/\/komunalac.ba\/naslovna\/wp-json\/wp\/v2\/types\/post"}],"author":[{"embeddable":true,"href":"https:\/\/komunalac.ba\/naslovna\/wp-json\/wp\/v2\/users\/1"}],"replies":[{"embeddable":true,"href":"https:\/\/komunalac.ba\/naslovna\/wp-json\/wp\/v2\/comments?post=1156"}],"version-history":[{"count":1,"href":"https:\/\/komunalac.ba\/naslovna\/wp-json\/wp\/v2\/posts\/1156\/revisions"}],"predecessor-version":[{"id":1157,"href":"https:\/\/komunalac.ba\/naslovna\/wp-json\/wp\/v2\/posts\/1156\/revisions\/1157"}],"wp:featuredmedia":[{"embeddable":true,"href":"https:\/\/komunalac.ba\/naslovna\/wp-json\/wp\/v2\/media\/621"}],"wp:attachment":[{"href":"https:\/\/komunalac.ba\/naslovna\/wp-json\/wp\/v2\/media?parent=1156"}],"wp:term":[{"taxonomy":"category","embeddable":true,"href":"https:\/\/komunalac.ba\/naslovna\/wp-json\/wp\/v2\/categories?post=1156"},{"taxonomy":"post_tag","embeddable":true,"href":"https:\/\/komunalac.ba\/naslovna\/wp-json\/wp\/v2\/tags?post=1156"}],"curies":[{"name":"wp","href":"https:\/\/api.w.org\/{rel}","templated":true}]}}