{"id":1108,"date":"2020-06-14T14:02:17","date_gmt":"2020-06-14T12:02:17","guid":{"rendered":"https:\/\/komunalac.ba\/naslovna\/?p=1108"},"modified":"2020-06-14T14:03:52","modified_gmt":"2020-06-14T12:03:52","slug":"plan-redukcija-za-naredne-dane-14-06-2020","status":"publish","type":"post","link":"https:\/\/komunalac.ba\/naslovna\/plan-redukcija-za-naredne-dane-14-06-2020\/","title":{"rendered":"PLAN REDUKCIJA ZA NAREDNE DANE 14.06.2020."},"content":{"rendered":"<p>PLAN REDUKCIJA ZA NAREDNE DANE<\/p>\n<p>&nbsp;<\/p>\n<p>U skladu sa smanjenom izda\u0161no\u0161\u0107u na izvori\u0161tima, u sljede\u0107im danima redukcije isporuke vode se uvode u dva termina:<\/p>\n<p>11:00 \u2013 16:00 h \u2013 svi korisnici osim industrijske zone<\/p>\n<p>20:00 \u2013 05:00 h \u2013 svi korisnici osim visokih zona<\/p>\n","protected":false},"excerpt":{"rendered":"<p>PLAN REDUKCIJA ZA NAREDNE DANE &nbsp; U skladu sa smanjenom izda\u0161no\u0161\u0107u na izvori\u0161tima, u sljede\u0107im danima redukcije isporuke vode se uvode u dva termina: 11:00 \u2013 16:00 h \u2013 svi korisnici osim industrijske zone 20:00 \u2013 05:00 h \u2013 svi korisnici osim visokih zona<\/p>\n","protected":false},"author":1,"featured_media":1091,"comment_status":"open","ping_status":"open","sticky":false,"template":"","format":"standard","meta":{"footnotes":""},"categories":[14],"tags":[],"class_list":["post-1108","post","type-post","status-publish","format-standard","has-post-thumbnail","hentry","category-obavjestenja"],"_links":{"self":[{"href":"https:\/\/komunalac.ba\/naslovna\/wp-json\/wp\/v2\/posts\/1108"}],"collection":[{"href":"https:\/\/komunalac.ba\/naslovna\/wp-json\/wp\/v2\/posts"}],"about":[{"href":"https:\/\/komunalac.ba\/naslovna\/wp-json\/wp\/v2\/types\/post"}],"author":[{"embeddable":true,"href":"https:\/\/komunalac.ba\/naslovna\/wp-json\/wp\/v2\/users\/1"}],"replies":[{"embeddable":true,"href":"https:\/\/komunalac.ba\/naslovna\/wp-json\/wp\/v2\/comments?post=1108"}],"version-history":[{"count":1,"href":"https:\/\/komunalac.ba\/naslovna\/wp-json\/wp\/v2\/posts\/1108\/revisions"}],"predecessor-version":[{"id":1109,"href":"https:\/\/komunalac.ba\/naslovna\/wp-json\/wp\/v2\/posts\/1108\/revisions\/1109"}],"wp:featuredmedia":[{"embeddable":true,"href":"https:\/\/komunalac.ba\/naslovna\/wp-json\/wp\/v2\/media\/1091"}],"wp:attachment":[{"href":"https:\/\/komunalac.ba\/naslovna\/wp-json\/wp\/v2\/media?parent=1108"}],"wp:term":[{"taxonomy":"category","embeddable":true,"href":"https:\/\/komunalac.ba\/naslovna\/wp-json\/wp\/v2\/categories?post=1108"},{"taxonomy":"post_tag","embeddable":true,"href":"https:\/\/komunalac.ba\/naslovna\/wp-json\/wp\/v2\/tags?post=1108"}],"curies":[{"name":"wp","href":"https:\/\/api.w.org\/{rel}","templated":true}]}}