{"id":1106,"date":"2020-06-14T13:59:53","date_gmt":"2020-06-14T11:59:53","guid":{"rendered":"https:\/\/komunalac.ba\/naslovna\/?p=1106"},"modified":"2020-06-14T13:59:53","modified_gmt":"2020-06-14T11:59:53","slug":"nestanak-elektricne-energije-na-izvoristu","status":"publish","type":"post","link":"https:\/\/komunalac.ba\/naslovna\/nestanak-elektricne-energije-na-izvoristu\/","title":{"rendered":"NESTANAK ELEKTRI\u010cNE ENERGIJE NA IZVORI\u0160TU"},"content":{"rendered":"<p>NESTANAK ELEKTRI\u010cNE ENERGIJE NA IZVORI\u0160TU<\/p>\n<p>&nbsp;<\/p>\n<p>Usljed nestanka elektri\u010dne energije na izvori\u0161tu Okanovi\u0107i, te prestanka isporuke vode sa izvori\u0161ta, nakon pu\u0161tanja izvori\u0161ta u funkciju i punjenja rezervoarskih prostora, postepeno \u0107e se vr\u0161iti isporuka vode prema korisnicima, po\u010dev\u0161i od visokih zona prema ni\u017eim. Pu\u0161tanje vode u sistem \u0107e biti mogu\u0107e tek od 16 h.<\/p>\n<p>&nbsp;<\/p>\n","protected":false},"excerpt":{"rendered":"<p>NESTANAK ELEKTRI\u010cNE ENERGIJE NA IZVORI\u0160TU &nbsp; Usljed nestanka elektri\u010dne energije na izvori\u0161tu Okanovi\u0107i, te prestanka isporuke vode sa izvori\u0161ta, nakon pu\u0161tanja izvori\u0161ta u funkciju i punjenja rezervoarskih prostora, postepeno \u0107e se vr\u0161iti isporuka vode prema korisnicima, po\u010dev\u0161i od visokih zona prema ni\u017eim. Pu\u0161tanje vode u sistem \u0107e biti mogu\u0107e tek od 16 h. &nbsp;<\/p>\n","protected":false},"author":1,"featured_media":899,"comment_status":"open","ping_status":"open","sticky":false,"template":"","format":"standard","meta":{"footnotes":""},"categories":[14],"tags":[],"class_list":["post-1106","post","type-post","status-publish","format-standard","has-post-thumbnail","hentry","category-obavjestenja"],"_links":{"self":[{"href":"https:\/\/komunalac.ba\/naslovna\/wp-json\/wp\/v2\/posts\/1106"}],"collection":[{"href":"https:\/\/komunalac.ba\/naslovna\/wp-json\/wp\/v2\/posts"}],"about":[{"href":"https:\/\/komunalac.ba\/naslovna\/wp-json\/wp\/v2\/types\/post"}],"author":[{"embeddable":true,"href":"https:\/\/komunalac.ba\/naslovna\/wp-json\/wp\/v2\/users\/1"}],"replies":[{"embeddable":true,"href":"https:\/\/komunalac.ba\/naslovna\/wp-json\/wp\/v2\/comments?post=1106"}],"version-history":[{"count":1,"href":"https:\/\/komunalac.ba\/naslovna\/wp-json\/wp\/v2\/posts\/1106\/revisions"}],"predecessor-version":[{"id":1107,"href":"https:\/\/komunalac.ba\/naslovna\/wp-json\/wp\/v2\/posts\/1106\/revisions\/1107"}],"wp:featuredmedia":[{"embeddable":true,"href":"https:\/\/komunalac.ba\/naslovna\/wp-json\/wp\/v2\/media\/899"}],"wp:attachment":[{"href":"https:\/\/komunalac.ba\/naslovna\/wp-json\/wp\/v2\/media?parent=1106"}],"wp:term":[{"taxonomy":"category","embeddable":true,"href":"https:\/\/komunalac.ba\/naslovna\/wp-json\/wp\/v2\/categories?post=1106"},{"taxonomy":"post_tag","embeddable":true,"href":"https:\/\/komunalac.ba\/naslovna\/wp-json\/wp\/v2\/tags?post=1106"}],"curies":[{"name":"wp","href":"https:\/\/api.w.org\/{rel}","templated":true}]}}