{"id":1102,"date":"2020-06-13T17:40:28","date_gmt":"2020-06-13T15:40:28","guid":{"rendered":"https:\/\/komunalac.ba\/naslovna\/?p=1102"},"modified":"2020-06-13T17:40:28","modified_gmt":"2020-06-13T15:40:28","slug":"obavijest-za-korisnike-popravak-kvara-na-izvoristu-arterac-13-06-2020","status":"publish","type":"post","link":"https:\/\/komunalac.ba\/naslovna\/obavijest-za-korisnike-popravak-kvara-na-izvoristu-arterac-13-06-2020\/","title":{"rendered":"OBAVIJEST ZA KORISNIKE POPRAVAK KVARA NA IZVORISTU ARTERAC 13.06.2020."},"content":{"rendered":"<p>Postovani korisnici<\/p>\n<p>Nakon zamjene pumpe na bunaru Arterac, u poslijepodnevnim satima je ponovo uspostavljeno vodosnabdijevanja sa oba izvori\u0161ta, u ne\u0161to smanjenom kapacitetu.<\/p>\n<p style=\"text-align: left;\">I pored smanjenje koli\u010dine vode sa Okanovi\u0107a cijeli dan se uspjelo zadr\u017eati vodosnabdijevanje zona koje se napajaju sa rezervoara \u0160kori\u0107i i Humke.<\/p>\n<p>&nbsp;<\/p>\n<p>Shodno tome od 20:00 sati zatvaraju se svi korisnici koji su imali vodosnabdijevanje u toku dana, kako bi se omogu\u0107ilo da voda dodje do korisnika koji u toku dana zbog ispada sistema nisu imali vodu.<\/p>\n<p>&nbsp;<\/p>\n<p>Ovisno o razvoju situacije u jutarnjim satima \u0107e biti objavljen novi plan redukcije.<\/p>\n<p>Tako\u0111er zbog obustave isporuke elektri\u010dne energije u Nedjelju od 11:00 do 15:00 sati \u0107e biti obustavljeno i kompletno vodosnabdijevanje.<\/p>\n","protected":false},"excerpt":{"rendered":"<p>Postovani korisnici Nakon zamjene pumpe na bunaru Arterac, u poslijepodnevnim satima je ponovo uspostavljeno vodosnabdijevanja sa oba izvori\u0161ta, u ne\u0161to smanjenom kapacitetu. I pored smanjenje koli\u010dine vode sa Okanovi\u0107a cijeli dan se uspjelo zadr\u017eati vodosnabdijevanje zona koje se napajaju sa rezervoara \u0160kori\u0107i i Humke. &nbsp; Shodno tome od 20:00 sati zatvaraju se svi korisnici koji [&hellip;]<\/p>\n","protected":false},"author":1,"featured_media":1089,"comment_status":"open","ping_status":"open","sticky":false,"template":"","format":"standard","meta":{"footnotes":""},"categories":[14],"tags":[],"class_list":["post-1102","post","type-post","status-publish","format-standard","has-post-thumbnail","hentry","category-obavjestenja"],"_links":{"self":[{"href":"https:\/\/komunalac.ba\/naslovna\/wp-json\/wp\/v2\/posts\/1102"}],"collection":[{"href":"https:\/\/komunalac.ba\/naslovna\/wp-json\/wp\/v2\/posts"}],"about":[{"href":"https:\/\/komunalac.ba\/naslovna\/wp-json\/wp\/v2\/types\/post"}],"author":[{"embeddable":true,"href":"https:\/\/komunalac.ba\/naslovna\/wp-json\/wp\/v2\/users\/1"}],"replies":[{"embeddable":true,"href":"https:\/\/komunalac.ba\/naslovna\/wp-json\/wp\/v2\/comments?post=1102"}],"version-history":[{"count":1,"href":"https:\/\/komunalac.ba\/naslovna\/wp-json\/wp\/v2\/posts\/1102\/revisions"}],"predecessor-version":[{"id":1103,"href":"https:\/\/komunalac.ba\/naslovna\/wp-json\/wp\/v2\/posts\/1102\/revisions\/1103"}],"wp:featuredmedia":[{"embeddable":true,"href":"https:\/\/komunalac.ba\/naslovna\/wp-json\/wp\/v2\/media\/1089"}],"wp:attachment":[{"href":"https:\/\/komunalac.ba\/naslovna\/wp-json\/wp\/v2\/media?parent=1102"}],"wp:term":[{"taxonomy":"category","embeddable":true,"href":"https:\/\/komunalac.ba\/naslovna\/wp-json\/wp\/v2\/categories?post=1102"},{"taxonomy":"post_tag","embeddable":true,"href":"https:\/\/komunalac.ba\/naslovna\/wp-json\/wp\/v2\/tags?post=1102"}],"curies":[{"name":"wp","href":"https:\/\/api.w.org\/{rel}","templated":true}]}}