{"id":1099,"date":"2020-06-13T11:46:48","date_gmt":"2020-06-13T09:46:48","guid":{"rendered":"https:\/\/komunalac.ba\/naslovna\/?p=1099"},"modified":"2020-06-13T13:19:26","modified_gmt":"2020-06-13T11:19:26","slug":"o-b-a-v-j-e-s-t-e-nj-e-popravak-kvara-na-izvoristu-arterac","status":"publish","type":"post","link":"https:\/\/komunalac.ba\/naslovna\/o-b-a-v-j-e-s-t-e-nj-e-popravak-kvara-na-izvoristu-arterac\/","title":{"rendered":"O B A V J E \u0160 T E NJ E POPRAVAK KVARA NA IZVORI\u0160TU ARTERAC"},"content":{"rendered":"<p>Po\u0161tovani korisnici,<\/p>\n<p>usljed kvara na izvori\u0161tu Arterac i radova na otklanjanju kvara primorani smo da vr\u0161imo obustavu isporuke vode korisnicima u sljede\u0107im ulicama:<\/p>\n<p>Nenavi\u0161te, Gradina, Had\u017eiefendijina, Narodnog fronta, Hazna, Mustafe Novali\u0107a, 1.bataljona, Ahmeta Be\u0161irevi\u0107a, Svira\u010dka, Rasima Terzi\u0107a, \u0160kori\u0107i, Zlatnih ljiljana, \u017drtava Srebrenice, Grada\u010da\u010dkih brigada, Branilaca grada, Bagdale, \u010celikova\u010da, 1. marta, \u0160ehida, gornji dio 7. bataljona, gornji dio 6 aprila, Hasana Durmi\u0161evi\u0107a.<\/p>\n<p>&nbsp;<\/p>\n<p>U ulicama sa spiska u nastavku je ve\u0107 obustavljena isporuka vode od 11:00:<\/p>\n<p>Po\u017eari\u010dkih branilaca, Kiki\u0107i, \u017deljezni\u010dka, Po\u017eari\u010dka, Diren, 6. bataljona, Bosanskih gazija, Udarni\u010dka, Sarajevska, Okanovi\u0107i, Ledenice.<\/p>\n<p>&nbsp;<\/p>\n<p>Mogu\u0107 je nestanak vode i u ulicama koje nisu navedene na spisku. Nakon uspostavljanja rada izvori\u0161ta, vr\u0161it \u0107e se ponovno pu\u0161tanje vode u sistem po\u010dev\u0161i od ni\u017eih zona prema visokim zonama.<\/p>\n<p>&nbsp;<\/p>\n<p>Usljed najavljenih planskih isklju\u010denja elektri\u010dne energije, u nedjelju 14.06.2020. \u0107e biti obustavljena isporuka elektri\u010dne energije za gradsko izvori\u0161te Okanovi\u0107i u period od 11-15 h, \u0161to \u0107e prouzro\u010diti dodatne probleme u funkcionisanju sistema vodosnabdijevanja. Nakon ponovnog vra\u0107anja sistema u funkciju i analize, obavijestiti \u0107emo korisnike o obustavama isporuke vode za nedjelju.<\/p>\n","protected":false},"excerpt":{"rendered":"<p>Po\u0161tovani korisnici, usljed kvara na izvori\u0161tu Arterac i radova na otklanjanju kvara primorani smo da vr\u0161imo obustavu isporuke vode korisnicima u sljede\u0107im ulicama: Nenavi\u0161te, Gradina, Had\u017eiefendijina, Narodnog fronta, Hazna, Mustafe Novali\u0107a, 1.bataljona, Ahmeta Be\u0161irevi\u0107a, Svira\u010dka, Rasima Terzi\u0107a, \u0160kori\u0107i, Zlatnih ljiljana, \u017drtava Srebrenice, Grada\u010da\u010dkih brigada, Branilaca grada, Bagdale, \u010celikova\u010da, 1. marta, \u0160ehida, gornji dio 7. bataljona, [&hellip;]<\/p>\n","protected":false},"author":1,"featured_media":1097,"comment_status":"open","ping_status":"open","sticky":false,"template":"","format":"standard","meta":{"footnotes":""},"categories":[14],"tags":[],"class_list":["post-1099","post","type-post","status-publish","format-standard","has-post-thumbnail","hentry","category-obavjestenja"],"_links":{"self":[{"href":"https:\/\/komunalac.ba\/naslovna\/wp-json\/wp\/v2\/posts\/1099"}],"collection":[{"href":"https:\/\/komunalac.ba\/naslovna\/wp-json\/wp\/v2\/posts"}],"about":[{"href":"https:\/\/komunalac.ba\/naslovna\/wp-json\/wp\/v2\/types\/post"}],"author":[{"embeddable":true,"href":"https:\/\/komunalac.ba\/naslovna\/wp-json\/wp\/v2\/users\/1"}],"replies":[{"embeddable":true,"href":"https:\/\/komunalac.ba\/naslovna\/wp-json\/wp\/v2\/comments?post=1099"}],"version-history":[{"count":2,"href":"https:\/\/komunalac.ba\/naslovna\/wp-json\/wp\/v2\/posts\/1099\/revisions"}],"predecessor-version":[{"id":1101,"href":"https:\/\/komunalac.ba\/naslovna\/wp-json\/wp\/v2\/posts\/1099\/revisions\/1101"}],"wp:featuredmedia":[{"embeddable":true,"href":"https:\/\/komunalac.ba\/naslovna\/wp-json\/wp\/v2\/media\/1097"}],"wp:attachment":[{"href":"https:\/\/komunalac.ba\/naslovna\/wp-json\/wp\/v2\/media?parent=1099"}],"wp:term":[{"taxonomy":"category","embeddable":true,"href":"https:\/\/komunalac.ba\/naslovna\/wp-json\/wp\/v2\/categories?post=1099"},{"taxonomy":"post_tag","embeddable":true,"href":"https:\/\/komunalac.ba\/naslovna\/wp-json\/wp\/v2\/tags?post=1099"}],"curies":[{"name":"wp","href":"https:\/\/api.w.org\/{rel}","templated":true}]}}