{"id":1092,"date":"2020-06-13T08:41:49","date_gmt":"2020-06-13T06:41:49","guid":{"rendered":"https:\/\/komunalac.ba\/naslovna\/?p=1092"},"modified":"2020-06-13T09:06:10","modified_gmt":"2020-06-13T07:06:10","slug":"obavijest-kvar-na-izvoristu-arterac","status":"publish","type":"post","link":"https:\/\/komunalac.ba\/naslovna\/obavijest-kvar-na-izvoristu-arterac\/","title":{"rendered":"OBAVIJEST KVAR NA IZVORI\u0160TU ARTERAC"},"content":{"rendered":"<p style=\"text-align: center;\">O B A V I J E S T<\/p>\n<p style=\"text-align: center;\">KVAR NA IZVORISTU ARTERAC<\/p>\n<p>&nbsp;<\/p>\n<p>Sino\u0107 u 00:45 h je do\u0161lo do kvara pumpe na izvori\u0161tu Arterac zbog \u010dega je vodosnabdijevanje korisnika ote\u017eano. Trenutno se radi na otklanjanju kvara. JP \u201cKomunalac\u201d nastoji odr\u017eati sistem u funkciji prema ranijim najavama redukcija. Ukoliko se uka\u017ee potreba za dodatnim redukcijama, blagovremeno \u0107emo obavijestiti korisnike na web stranici.<\/p>\n<p><img loading=\"lazy\" decoding=\"async\" class=\"alignnone size-full wp-image-1097\" src=\"https:\/\/komunalac.ba\/naslovna\/wp-content\/uploads\/2020\/06\/IMG-8d00e151dfd66402be3957c9902f5622-V.jpg\" alt=\"\" width=\"1200\" height=\"1600\" srcset=\"https:\/\/komunalac.ba\/naslovna\/wp-content\/uploads\/2020\/06\/IMG-8d00e151dfd66402be3957c9902f5622-V.jpg 1200w, https:\/\/komunalac.ba\/naslovna\/wp-content\/uploads\/2020\/06\/IMG-8d00e151dfd66402be3957c9902f5622-V-225x300.jpg 225w, https:\/\/komunalac.ba\/naslovna\/wp-content\/uploads\/2020\/06\/IMG-8d00e151dfd66402be3957c9902f5622-V-768x1024.jpg 768w, https:\/\/komunalac.ba\/naslovna\/wp-content\/uploads\/2020\/06\/IMG-8d00e151dfd66402be3957c9902f5622-V-696x928.jpg 696w, https:\/\/komunalac.ba\/naslovna\/wp-content\/uploads\/2020\/06\/IMG-8d00e151dfd66402be3957c9902f5622-V-1068x1424.jpg 1068w, https:\/\/komunalac.ba\/naslovna\/wp-content\/uploads\/2020\/06\/IMG-8d00e151dfd66402be3957c9902f5622-V-315x420.jpg 315w\" sizes=\"(max-width: 1200px) 100vw, 1200px\" \/><\/p>\n","protected":false},"excerpt":{"rendered":"<p>O B A V I J E S T KVAR NA IZVORISTU ARTERAC &nbsp; Sino\u0107 u 00:45 h je do\u0161lo do kvara pumpe na izvori\u0161tu Arterac zbog \u010dega je vodosnabdijevanje korisnika ote\u017eano. Trenutno se radi na otklanjanju kvara. JP \u201cKomunalac\u201d nastoji odr\u017eati sistem u funkciji prema ranijim najavama redukcija. Ukoliko se uka\u017ee potreba za dodatnim [&hellip;]<\/p>\n","protected":false},"author":1,"featured_media":1093,"comment_status":"open","ping_status":"open","sticky":false,"template":"","format":"standard","meta":{"footnotes":""},"categories":[14],"tags":[],"class_list":["post-1092","post","type-post","status-publish","format-standard","has-post-thumbnail","hentry","category-obavjestenja"],"_links":{"self":[{"href":"https:\/\/komunalac.ba\/naslovna\/wp-json\/wp\/v2\/posts\/1092"}],"collection":[{"href":"https:\/\/komunalac.ba\/naslovna\/wp-json\/wp\/v2\/posts"}],"about":[{"href":"https:\/\/komunalac.ba\/naslovna\/wp-json\/wp\/v2\/types\/post"}],"author":[{"embeddable":true,"href":"https:\/\/komunalac.ba\/naslovna\/wp-json\/wp\/v2\/users\/1"}],"replies":[{"embeddable":true,"href":"https:\/\/komunalac.ba\/naslovna\/wp-json\/wp\/v2\/comments?post=1092"}],"version-history":[{"count":4,"href":"https:\/\/komunalac.ba\/naslovna\/wp-json\/wp\/v2\/posts\/1092\/revisions"}],"predecessor-version":[{"id":1098,"href":"https:\/\/komunalac.ba\/naslovna\/wp-json\/wp\/v2\/posts\/1092\/revisions\/1098"}],"wp:featuredmedia":[{"embeddable":true,"href":"https:\/\/komunalac.ba\/naslovna\/wp-json\/wp\/v2\/media\/1093"}],"wp:attachment":[{"href":"https:\/\/komunalac.ba\/naslovna\/wp-json\/wp\/v2\/media?parent=1092"}],"wp:term":[{"taxonomy":"category","embeddable":true,"href":"https:\/\/komunalac.ba\/naslovna\/wp-json\/wp\/v2\/categories?post=1092"},{"taxonomy":"post_tag","embeddable":true,"href":"https:\/\/komunalac.ba\/naslovna\/wp-json\/wp\/v2\/tags?post=1092"}],"curies":[{"name":"wp","href":"https:\/\/api.w.org\/{rel}","templated":true}]}}