{"id":1088,"date":"2020-06-12T12:24:04","date_gmt":"2020-06-12T10:24:04","guid":{"rendered":"https:\/\/komunalac.ba\/naslovna\/?p=1088"},"modified":"2020-06-12T12:32:56","modified_gmt":"2020-06-12T10:32:56","slug":"o-b-a-v-i-j-e-s-t-za-korisnike-vodosnabdijevanja-12-06-2020","status":"publish","type":"post","link":"https:\/\/komunalac.ba\/naslovna\/o-b-a-v-i-j-e-s-t-za-korisnike-vodosnabdijevanja-12-06-2020\/","title":{"rendered":"O B A V I J E S T ZA KORISNIKE VODOSNABDIJEVANJA 12.06.2020."},"content":{"rendered":"<p style=\"text-align: center;\"><strong>O B A V I J E S T<\/strong><\/p>\n<p style=\"text-align: center;\"><strong>ZA KORISNIKE VODOSNABDIJEVANJA <\/strong><\/p>\n<p>Po\u0161tovani korisnici,<\/p>\n<p>u danima vikenda kako je uobi\u010dajeno dolazi do pove\u0107ane potro\u0161nje vode, a sa trenutnim kapacitetima sistema nismo u mogu\u0107nosti obezbijediti istu. Shodno tome primorani smo rasporediti postoje\u0107u koli\u010dinu vode kako ne bi dolazilo do ispada sistema.<\/p>\n<p>To nas primorava i na zatvaranje pojedinih ulica u dnevnom periodu.<\/p>\n<p>Shodno navedenom, sljede\u0107e ulice i naselja u navedenim periodima ne\u0107e biti snabdijevana vodom:<\/p>\n<p><strong>Od 20:00 (petak, 12.06.2020.g.)\u00a0 do 05:00 (subota, 13.06.2020.g.),<\/strong><\/p>\n<ol start=\"16\">\n<li>Muslimanske brigade, Raifa \u0160aldi\u0107a, Rijeka, 8.mart, \u0160ehitluci, dio Esada Taslid\u017ei\u0107a, Nenavi\u0161te, Gradina, Had\u017eiefendijina, Narodnog fronta, Hazna, Mustafe Novali\u0107a, 1.bataljona, Ahmeta Be\u0161irevi\u0107a, Svira\u010dka, Rasima Terzi\u0107a, \u0160kori\u0107i, Zlatnih ljiljana, Kadi\u0107 Mahala, Varo\u0161ka, Sini\u0161e Mlinarevi\u0107a, Reufa Huseinagi\u0107a, Ibrahima Kapetanovi\u0107a, dio 6. aprila, dio 7. bataljona,\u00a0 Titova, Josipa \u0160ibera,\u00a0 H. K. Grada\u0161\u010devi\u0107a, Hasana Kiki\u0107a, 1. maja, XVIII hrvatske brigade, Partizanska bolnica.<\/li>\n<\/ol>\n<p><strong>Od 11:00 do 20:00 (subota, 13.06.2020.g.),\u00a0\u00a0\u00a0\u00a0 <\/strong><\/p>\n<p>dio ulice \u017drtava Srebrenice, Grada\u010da\u010dkih brigada, Branilaca grada, Bagdale.<\/p>\n<p><strong>Od 20:00 (subota, 13.06.2020.g.)\u00a0\u00a0\u00a0\u00a0 do 05:00 (nedjelja, 14.06.2020.g.),<\/strong><\/p>\n<p>Po\u017eari\u010dkih branilaca, Kiki\u0107i, \u017deljezni\u010dka, Po\u017eari\u010dka, Diren, 6. bataljona, Bosanskih gazija, Udarni\u010dka, Sarajevska, Okanovi\u0107i, Ledenice, \u0160ehitluci, Nenavi\u0161te, Gradina, Had\u017eiefendijina, Narodnog fronta, Hazna, Mustafe Novali\u0107a, 1.bataljona, Ahmeta Be\u0161irevi\u0107a, Svira\u010dka, Rasima Terzi\u0107a, \u0160kori\u0107i, Zlatnih ljiljana, 16. Muslimanske brigade, Raifa \u0160aldi\u0107a, Rijeka, 8.mart, \u0160ehitluci, dio Esada Taslid\u017ei\u0107a.<\/p>\n<p>&nbsp;<\/p>\n<p><strong>Od 11:00 do 20:00 (nedjelja, 14.06.2020.g.),\u00a0\u00a0 \u00a0\u00a0<\/strong><\/p>\n<p>\u010celikova\u010da, 1. marta, \u0160ehida, dio 7. bataljona, dio 6 aprila, Hasana Durmi\u0161evi\u0107a.<\/p>\n<p><strong>Od 20:00 (nedjelja, 14.06.2020.g.)\u00a0\u00a0\u00a0\u00a0 do 05:00 (ponedjeljak, 14.06.2020.g.),<\/strong><\/p>\n<p>Po\u017eari\u010dkih branilaca, Kiki\u0107i, \u017deljezni\u010dka, Po\u017eari\u010dka, Diren, 6. bataljona, Bosanskih gazija, Udarni\u010dka, Sarajevska, Okanovi\u0107i, Ledenice, Nenavi\u0161te, Gradina, Had\u017eiefendijina, Narodnog fronta, Hazna, Mustafe Novali\u0107a, 1.bataljona, Ahmeta Be\u0161irevi\u0107a, Svira\u010dka, Rasima Terzi\u0107a, \u0160kori\u0107i, Zlatnih ljiljana, Kadi\u0107 Mahala, Varo\u0161ka, Sini\u0161e Mlinarevi\u0107a, Reufa Huseinagi\u0107a, Ibrahima Kapetanovi\u0107a, dio 6. aprila, dio 7. bataljona,\u00a0 Titova, Josipa \u0160ibera,\u00a0 H. K. Grada\u0161\u010devi\u0107a, Hasana Kiki\u0107a, 1. maja, XVIII hrvatske brigade, Partizanska bolnica.<\/p>\n<p><em>Apelujemo na sve potro\u0161a\u010de da vodu koriste \u0161to racionalnije, da smanje nepotrebno rasipanje vode i kori\u0161tenje u tehni\u010dke svrhe kako bi obustave isporuke vode bile u \u0161to manjoj mjeri. <\/em><\/p>\n","protected":false},"excerpt":{"rendered":"<p>O B A V I J E S T ZA KORISNIKE VODOSNABDIJEVANJA Po\u0161tovani korisnici, u danima vikenda kako je uobi\u010dajeno dolazi do pove\u0107ane potro\u0161nje vode, a sa trenutnim kapacitetima sistema nismo u mogu\u0107nosti obezbijediti istu. Shodno tome primorani smo rasporediti postoje\u0107u koli\u010dinu vode kako ne bi dolazilo do ispada sistema. To nas primorava i na [&hellip;]<\/p>\n","protected":false},"author":1,"featured_media":1091,"comment_status":"open","ping_status":"open","sticky":false,"template":"","format":"standard","meta":{"footnotes":""},"categories":[14],"tags":[],"class_list":["post-1088","post","type-post","status-publish","format-standard","has-post-thumbnail","hentry","category-obavjestenja"],"_links":{"self":[{"href":"https:\/\/komunalac.ba\/naslovna\/wp-json\/wp\/v2\/posts\/1088"}],"collection":[{"href":"https:\/\/komunalac.ba\/naslovna\/wp-json\/wp\/v2\/posts"}],"about":[{"href":"https:\/\/komunalac.ba\/naslovna\/wp-json\/wp\/v2\/types\/post"}],"author":[{"embeddable":true,"href":"https:\/\/komunalac.ba\/naslovna\/wp-json\/wp\/v2\/users\/1"}],"replies":[{"embeddable":true,"href":"https:\/\/komunalac.ba\/naslovna\/wp-json\/wp\/v2\/comments?post=1088"}],"version-history":[{"count":1,"href":"https:\/\/komunalac.ba\/naslovna\/wp-json\/wp\/v2\/posts\/1088\/revisions"}],"predecessor-version":[{"id":1090,"href":"https:\/\/komunalac.ba\/naslovna\/wp-json\/wp\/v2\/posts\/1088\/revisions\/1090"}],"wp:featuredmedia":[{"embeddable":true,"href":"https:\/\/komunalac.ba\/naslovna\/wp-json\/wp\/v2\/media\/1091"}],"wp:attachment":[{"href":"https:\/\/komunalac.ba\/naslovna\/wp-json\/wp\/v2\/media?parent=1088"}],"wp:term":[{"taxonomy":"category","embeddable":true,"href":"https:\/\/komunalac.ba\/naslovna\/wp-json\/wp\/v2\/categories?post=1088"},{"taxonomy":"post_tag","embeddable":true,"href":"https:\/\/komunalac.ba\/naslovna\/wp-json\/wp\/v2\/tags?post=1088"}],"curies":[{"name":"wp","href":"https:\/\/api.w.org\/{rel}","templated":true}]}}